{"id":10001,"date":"2013-09-11T13:36:12","date_gmt":"2013-09-11T12:36:12","guid":{"rendered":"https:\/\/logisticsinwallonia-2023.staging03.globulebleu.com\/actualites\/fultrans-organise-2-cycles-de-formations-dediees-au-secteur-du-transport\/"},"modified":"2013-09-11T13:36:12","modified_gmt":"2013-09-11T12:36:12","slug":"fultrans-organise-2-cycles-de-formations-dediees-au-secteur-du-transport","status":"publish","type":"post","link":"https:\/\/www.logisticsinwallonia.be\/en\/actualites\/fultrans-organise-2-cycles-de-formations-dediees-au-secteur-du-transport\/","title":{"rendered":"Fultrans organise 2 cycles de formations d\u00e9di\u00e9es au secteur du transport"},"content":{"rendered":"<h3>\n\t<span style=\"font-size:12px;\"><span style=\"font-family:tahoma,geneva,sans-serif;\">Afin de r\u00e9pondre aux exigences du secteur du transport, Fultrans organise deux cycles de formation: &#8220;Conseiller \u00e0 la s\u00e9curit\u00e9 ADR&#8221; et &#8220;Pr\u00e9paration des exp\u00e9ditions maritimes&#8221; <\/span><\/span><\/h3>\n<p><strong>Formation de Conseiller \u00e0 la s\u00e9curit\u00e9 ADR  Initiale et de recyclage ADR<\/strong><\/p>\n<p>Les 28, 29, 30 octobre et 5, 6 novembre 2013<\/p>\n<p>Les prescriptions r\u00e9glementaires en mati\u00e8re de s\u00e9curit\u00e9 du transport font partie int\u00e9grante de votre r\u00e9alit\u00e9.  Toute entreprise qui r\u00e9alise des op\u00e9rations logistiques (d\u00e9chargement, chargement, stockage, emballage,\u2026) et transporte par route des produits dangereux sur ces types de marchandise est soumise \u00e0 des obligations et responsabilit\u00e9s l\u00e9gales qui passent par la formation d\u2019un ou de plusieurs conseiller(s) \u00e0 la s\u00e9curit\u00e9 ADR (Arr\u00eat\u00e9 Royal du 5\/7\/2006).<\/p>\n<p>Cette formation agr\u00e9\u00e9e vous permettra de pr\u00e9parer votre r\u00e9ussite \u00e0 l&#8217;examen de conseiller \u00e0 la s\u00e9curit\u00e9 ADR pr\u00e9vu par la l\u00e9gislation et organis\u00e9 par le SPF Mobilit\u00e9 et Transports. Vous serez \u00e9galement en mesure d&#8217;assurer votre mission de conseiller \u00e0 la s\u00e9curit\u00e9 au sein de toute entreprise qui utilise et transporte des produits class\u00e9s dangereux.<\/p>\n<p>Informations compl\u00e9mentaires: <a href=\"http:\/\/www.fultrans.org\/0128\/fr\/101\/Formations-initiales-de-conseillers-a-la-securite-ADR-IMDG-RID-ADNR\" target=\"_blank\" rel=\"noopener\">cliquez ici<\/a><\/p>\n<p>&#8212;&#8212;&#8212;&#8212;-<\/p>\n<p><strong>Formation Pr\u00e9parations des exp\u00e9ditions maritimes &#8211; code IMDG<\/strong><\/p>\n<p>2 jours, les 14 et 22 novembre prochains de 9h \u00e0 17h<\/p>\n<p>\tLes prescriptions r\u00e9glementaires en mati\u00e8re de s\u00e9curit\u00e9 du transport font partie int\u00e9grante de votre r\u00e9alit\u00e9. Toute entreprise qui transporte des produits dangereux ou qui effectue des op\u00e9rations logistiques (d\u00e9chargement, chargement, stockage, emballage,\u2026) sur ce type de marchandise est soumise \u00e0 des obligations et responsabilit\u00e9s l\u00e9gales.<\/p>\n<p>Le code IMDG (chapitre 1.3) impose depuis 2011 des obligations de formation aux personnes charg\u00e9es \u00e0 terre de la pr\u00e9paration des exp\u00e9ditions martimes. Cette obligation s\u2019applique, de mani\u00e8re non exhaustive, au personnel employ\u00e9 pour les producteurs, exp\u00e9diteurs, prestataires logistiques, emballeurs, transitaires, manutentionnaires, compagnies et agents des compagnies maritimes.<\/p>\n<p>A l\u2019issue de cette formation vous serez autoris\u00e9 (agr\u00e9ment) \u00e0 assurer les exp\u00e9ditions maritimes IMDG. Cette formation vous donnera la capacit\u00e9 d\u2019identifier et d\u2019appliquer les diff\u00e9rentes \u00e9tapes obligatoires et<br \/>\n\tn\u00e9cessaires \u00e0 toute exp\u00e9dition de marchandise dangereuse par voie maritime.<\/p>\n<p>Informations compl\u00e9mentaires: <a href=\"http:\/\/www.fultrans.org\/0128\/fr\/130\/Preparation-des-expeditions-maritimes-ndash-IMDG\" target=\"_blank\" rel=\"noopener\">cliquez ici<\/a>\n\t <\/p>\n","protected":false},"excerpt":{"rendered":"<p>Afin de r\u00e9pondre aux exigences du secteur du transport, Fultrans organise deux cycles de formation: &#8220;Conseiller \u00e0 la s\u00e9curit\u00e9 ADR&#8221; [&hellip;]<\/p>\n","protected":false},"author":1,"featured_media":0,"comment_status":"closed","ping_status":"closed","sticky":false,"template":"","format":"standard","meta":{"_acf_changed":false,"footnotes":""},"categories":[149],"class_list":["post-10001","post","type-post","status-publish","format-standard","hentry","category-non-classifiee-2"],"acf":[],"_links":{"self":[{"href":"https:\/\/www.logisticsinwallonia.be\/en\/wp-json\/wp\/v2\/posts\/10001","targetHints":{"allow":["GET"]}}],"collection":[{"href":"https:\/\/www.logisticsinwallonia.be\/en\/wp-json\/wp\/v2\/posts"}],"about":[{"href":"https:\/\/www.logisticsinwallonia.be\/en\/wp-json\/wp\/v2\/types\/post"}],"author":[{"embeddable":true,"href":"https:\/\/www.logisticsinwallonia.be\/en\/wp-json\/wp\/v2\/users\/1"}],"replies":[{"embeddable":true,"href":"https:\/\/www.logisticsinwallonia.be\/en\/wp-json\/wp\/v2\/comments?post=10001"}],"version-history":[{"count":0,"href":"https:\/\/www.logisticsinwallonia.be\/en\/wp-json\/wp\/v2\/posts\/10001\/revisions"}],"wp:attachment":[{"href":"https:\/\/www.logisticsinwallonia.be\/en\/wp-json\/wp\/v2\/media?parent=10001"}],"wp:term":[{"taxonomy":"category","embeddable":true,"href":"https:\/\/www.logisticsinwallonia.be\/en\/wp-json\/wp\/v2\/categories?post=10001"}],"curies":[{"name":"wp","href":"https:\/\/api.w.org\/{rel}","templated":true}]}}