{"id":10013,"date":"2013-05-27T15:10:03","date_gmt":"2013-05-27T14:10:03","guid":{"rendered":"https:\/\/logisticsinwallonia-2023.staging03.globulebleu.com\/actualites\/networking-participez-la-reception-euregionale-lors-du-salon-transport-logistic-de-munich\/"},"modified":"2013-05-27T15:10:03","modified_gmt":"2013-05-27T14:10:03","slug":"networking-participez-la-reception-euregionale-lors-du-salon-transport-logistic-de-munich","status":"publish","type":"post","link":"https:\/\/www.logisticsinwallonia.be\/en\/actualites\/networking-participez-la-reception-euregionale-lors-du-salon-transport-logistic-de-munich\/","title":{"rendered":"Networking: participez \u00e0 la r\u00e9ception Euregionale lors du salon Transport &#038; Logistic de Munich"},"content":{"rendered":"<h3 style=\"margin: 0px 0px 15px; padding: 0px; border: 0px; font-size: 13px; font-family: PTSansRegular; vertical-align: baseline; line-height: 18px; color: rgb(0, 0, 0); background-color: rgba(255, 255, 255, 0.901961);\">\n\t<span style=\"font-size:12px;\"><span style=\"font-family: tahoma, geneva, sans-serif;\">A l&#8217;occasion du salon international Transport &#038; Logistic qui se tiendra du 4 au 7 juin \u00e0 Munich, l&#8217;ensemble des acteurs du secteur r\u00e9unis au sein du projet Euregiolog\u00b3 organiseront une r\u00e9ception de networking. Cet \u00e9v\u00e8nement aura lieu le 6 juin de 16h \u00e0 18h sur le stand de Logistics in Wallonia.<\/span><\/span><\/h3>\n<h3 style=\"margin: 0px 0px 15px; padding: 0px; border: 0px; font-size: 13px; font-family: PTSansRegular; vertical-align: baseline; line-height: 18px; color: rgb(0, 0, 0); background-color: rgba(255, 255, 255, 0.901961);\">\n\t<span style=\"font-size:12px;\"><span style=\"font-family: tahoma, geneva, sans-serif;\">Qu&#8217;est-ce que le projet Euregiolog\u00b3?<\/span><\/span><\/h3>\n<p style=\"margin: 0px 0px 15px; padding: 0px; border: 0px; font-size: 13px; font-family: PTSansRegular; vertical-align: baseline; line-height: 18px; color: rgb(0, 0, 0); background-color: rgba(255, 255, 255, 0.901961);\"><span style=\"font-family: tahoma, geneva, sans-serif; font-size: 12px;\">Le projet \u00ab Euregiolog<\/span><sup style=\"font-family: tahoma, geneva, sans-serif;\">3 <\/sup><span style=\"font-family: tahoma, geneva, sans-serif; font-size: 12px;\">\u00bb est n\u00e9 de l\u2019initiative des associations de promotion de la logistique actives dans l\u2019Euregio Meuse-Rhin (Province du Limbourg N\u00e9erlandais, R\u00e9gion d\u2019Aix-la-Chapelle, Province du Limbourg Belge et Province de Li\u00e8ge). Il est financ\u00e9 dans la cadre du <\/span><a href=\"http:\/\/www.interregemr.eu\/\" style=\"font-family: inherit; font-size: 12px; margin: 0px; padding: 0px; border: 0px; font-style: inherit; vertical-align: baseline; text-decoration: none; color: rgb(189, 44, 22);\" target=\"_blank\" rel=\"noopener\">programme Interreg<\/a><span style=\"font-family: tahoma, geneva, sans-serif; font-size: 12px;\">.<\/span><\/p>\n<p style=\"margin: 0px 0px 15px; padding: 0px; border: 0px; font-size: 13px; font-family: PTSansRegular; vertical-align: baseline; line-height: 18px; color: rgb(0, 0, 0); background-color: rgba(255, 255, 255, 0.901961);\"><span style=\"font-size:12px;\"><span style=\"font-family: tahoma, geneva, sans-serif;\">Ce programme vise \u00e0 adresser de mani\u00e8re transfrontali\u00e8re des probl\u00e9matiques li\u00e9es au d\u00e9veloppement de la logistique qui sont rencontr\u00e9es de mani\u00e8re identique dans les sous-r\u00e9gions de l\u2019Euregio tels que les <strong>probl\u00e8mes d\u2019image de marque du secteur, de manque de main d\u2019\u0153uvre ou de promotion internationale.<\/strong><\/span><\/span><\/p>\n<h3 style=\"margin: 0px 0px 15px; padding: 0px; border: 0px; font-size: 13px; font-family: PTSansRegular; vertical-align: baseline; line-height: 18px; color: rgb(0, 0, 0); background-color: rgba(255, 255, 255, 0.901961);\">\n\t<strong style=\"font-family: tahoma, geneva, sans-serif; font-size: 12px;\">Comment participer \u00e0 l&#8217;\u00e9v\u00e8nement?<\/strong><\/h3>\n<p style=\"margin: 0px 0px 15px; padding: 0px; border: 0px; font-size: 13px; font-family: PTSansRegular; vertical-align: baseline; line-height: 18px; color: rgb(0, 0, 0); background-color: rgba(255, 255, 255, 0.901961);\"><span style=\"font-family:tahoma,geneva,sans-serif;\"><span style=\"color: rgb(34, 34, 34); font-size: 12px;\">Pour participer \u00e0 cette action internationale de networking, il vous suffit de compl\u00e9ter et envoyer le formulaire ci-apr\u00e8s \u00e0 l&#8217;adresse: <\/span><strong style=\"font-family: Arial, Verdana, sans-serif; font-size: 12px;\"><a href=\"mailto:logistiekplatform@pomlimburg.be\" style=\"font-family: Arial, Verdana, sans-serif; font-size: 12px;\">logistiekplatform@pomlimburg.be<\/a><\/strong><span style=\"color: rgb(34, 34, 34); font-size: 12px;\"> <\/span><\/span><\/p>\n<p>\t<a href=\"https:\/\/www.logisticsinwallonia.be\/sites\/default\/files\/files\/formulaire_de_participation_reception_munchen_6_juin_2013.docx\" target=\"_blank\" rel=\"noopener\">T\u00e9l\u00e9chargez le formulaire ICI<\/a><\/p>\n<p style=\"margin: 0px 0px 15px; padding: 0px; border: 0px; font-size: 13px; font-family: PTSansRegular; vertical-align: baseline; line-height: 18px; color: rgb(0, 0, 0); background-color: rgba(255, 255, 255, 0.901961);\">\n<p style=\"margin: 0px 0px 15px; padding: 0px; border: 0px; font-size: 13px; font-family: PTSansRegular; vertical-align: baseline; line-height: 18px; color: rgb(0, 0, 0); background-color: rgba(255, 255, 255, 0.901961);\">\n","protected":false},"excerpt":{"rendered":"<p>A l&#8217;occasion du salon international Transport &#038; Logistic qui se tiendra du 4 au 7 juin \u00e0 Munich, l&#8217;ensemble des [&hellip;]<\/p>\n","protected":false},"author":1,"featured_media":0,"comment_status":"closed","ping_status":"closed","sticky":false,"template":"","format":"standard","meta":{"_acf_changed":false,"footnotes":""},"categories":[149],"class_list":["post-10013","post","type-post","status-publish","format-standard","hentry","category-non-classifiee-2"],"acf":[],"_links":{"self":[{"href":"https:\/\/www.logisticsinwallonia.be\/en\/wp-json\/wp\/v2\/posts\/10013","targetHints":{"allow":["GET"]}}],"collection":[{"href":"https:\/\/www.logisticsinwallonia.be\/en\/wp-json\/wp\/v2\/posts"}],"about":[{"href":"https:\/\/www.logisticsinwallonia.be\/en\/wp-json\/wp\/v2\/types\/post"}],"author":[{"embeddable":true,"href":"https:\/\/www.logisticsinwallonia.be\/en\/wp-json\/wp\/v2\/users\/1"}],"replies":[{"embeddable":true,"href":"https:\/\/www.logisticsinwallonia.be\/en\/wp-json\/wp\/v2\/comments?post=10013"}],"version-history":[{"count":0,"href":"https:\/\/www.logisticsinwallonia.be\/en\/wp-json\/wp\/v2\/posts\/10013\/revisions"}],"wp:attachment":[{"href":"https:\/\/www.logisticsinwallonia.be\/en\/wp-json\/wp\/v2\/media?parent=10013"}],"wp:term":[{"taxonomy":"category","embeddable":true,"href":"https:\/\/www.logisticsinwallonia.be\/en\/wp-json\/wp\/v2\/categories?post=10013"}],"curies":[{"name":"wp","href":"https:\/\/api.w.org\/{rel}","templated":true}]}}