{"id":10035,"date":"2013-03-13T17:08:35","date_gmt":"2013-03-13T16:08:35","guid":{"rendered":"https:\/\/logisticsinwallonia-2023.staging03.globulebleu.com\/actualites\/le-pole-transport-et-logistique-de-liege-identifie-des-pistes-de-developpement-pour-le-secteur\/"},"modified":"2013-03-13T17:08:35","modified_gmt":"2013-03-13T16:08:35","slug":"le-pole-transport-et-logistique-de-liege-identifie-des-pistes-de-developpement-pour-le-secteur","status":"publish","type":"post","link":"https:\/\/www.logisticsinwallonia.be\/en\/actualites\/le-pole-transport-et-logistique-de-liege-identifie-des-pistes-de-developpement-pour-le-secteur\/","title":{"rendered":"Le P\u00f4le transport et logistique de Li\u00e8ge identifie des pistes de d\u00e9veloppement pour le secteur de la logistique"},"content":{"rendered":"<h3>\n\tLe 7 mars dernier, le P\u00f4le transport et logistique de Li\u00e8ge rassemblait les grands acteurs de la logistique pour tenter de r\u00e9pondre \u00e0 la question: &#8220;Quel avenir pour le transport et la logistique en province de Li\u00e8ge?&#8221;<\/h3>\n<p>C&#8217;est devant un public venu en nombre que les diff\u00e9rents orateurs sont intervenus. A cette occasion, le Magazine Truck &#038; Business couvrait l&#8217;\u00e9v\u00e9nement.<\/p>\n<p>Pour lire les articles du magazine Truck &#038; Business, cliquez sur les liens suivants:<\/p>\n<ul>\n<li>\n\t\t<a href=\"http:\/\/www.truck-business.com\/le_groupe_portier_pourra_disposer_des_11_hectares_de_kinkempois_fin_2014_55132-fr-128-187993.html\" target=\"_blank\" rel=\"noopener\"><span class=\"BigTitreNewsNew\">Le groupe Portier pourra disposer des 11 hectares de Kinkempois fin 2014<\/span><\/a><\/li>\n<li>\n\t\t<a href=\"http:\/\/www.truck-business.com\/liege_airport_un_second_pole_d_inspection_frontaliere_dans_la_zone_nord_55129-fr-128-187989.html\" target=\"_blank\" rel=\"noopener\"><span class=\"BigTitreNewsNew\">Li\u00e8ge Airport: un second p\u00f4le d&#8217;inspection frontali\u00e8re dans la zone nord<\/span><\/a><\/li>\n<\/ul>\n<p>Lisez \u00e9galement l&#8217;article de Le Vif\/L&#8217;express:<\/p>\n<ul>\n<li>\n\t\t<a href=\"http:\/\/www.levif.be\/info\/actualite\/economie\/liege-les-atouts-de-la-reconversion\/article-4000259438341.htm\" target=\"_blank\" rel=\"noopener\">Li\u00e8ge : les atouts de la reconversion<\/a><\/li>\n<\/ul>\n<p>Enfin, cette r\u00e9union du P\u00f4le transport et logistique de Li\u00e8ge \u00e9tait \u00e9galement une opportunit\u00e9 pour les professionnels du transport et de la logistique de se rencontrer.<\/p>\n<ul>\n<li>\n\t\t<a href=\"http:\/\/www.flickr.com\/photos\/logisticsinwallonia\/sets\/72157632987851432\/\" target=\"_blank\" rel=\"noopener\">Visionnez l&#8217;album photo<\/a>\n\t\t <\/li>\n<\/ul>\n","protected":false},"excerpt":{"rendered":"<p>Le 7 mars dernier, le P\u00f4le transport et logistique de Li\u00e8ge rassemblait les grands acteurs de la logistique pour tenter [&hellip;]<\/p>\n","protected":false},"author":1,"featured_media":0,"comment_status":"closed","ping_status":"closed","sticky":false,"template":"","format":"standard","meta":{"_acf_changed":false,"footnotes":""},"categories":[149],"class_list":["post-10035","post","type-post","status-publish","format-standard","hentry","category-non-classifiee-2"],"acf":[],"_links":{"self":[{"href":"https:\/\/www.logisticsinwallonia.be\/en\/wp-json\/wp\/v2\/posts\/10035","targetHints":{"allow":["GET"]}}],"collection":[{"href":"https:\/\/www.logisticsinwallonia.be\/en\/wp-json\/wp\/v2\/posts"}],"about":[{"href":"https:\/\/www.logisticsinwallonia.be\/en\/wp-json\/wp\/v2\/types\/post"}],"author":[{"embeddable":true,"href":"https:\/\/www.logisticsinwallonia.be\/en\/wp-json\/wp\/v2\/users\/1"}],"replies":[{"embeddable":true,"href":"https:\/\/www.logisticsinwallonia.be\/en\/wp-json\/wp\/v2\/comments?post=10035"}],"version-history":[{"count":0,"href":"https:\/\/www.logisticsinwallonia.be\/en\/wp-json\/wp\/v2\/posts\/10035\/revisions"}],"wp:attachment":[{"href":"https:\/\/www.logisticsinwallonia.be\/en\/wp-json\/wp\/v2\/media?parent=10035"}],"wp:term":[{"taxonomy":"category","embeddable":true,"href":"https:\/\/www.logisticsinwallonia.be\/en\/wp-json\/wp\/v2\/categories?post=10035"}],"curies":[{"name":"wp","href":"https:\/\/api.w.org\/{rel}","templated":true}]}}