{"id":10036,"date":"2013-03-13T09:44:24","date_gmt":"2013-03-13T08:44:24","guid":{"rendered":"https:\/\/logisticsinwallonia-2023.staging03.globulebleu.com\/actualites\/bienvenue-lentreprise-athetys-parmi-les-membres-de-logistics-wallonia\/"},"modified":"2013-03-13T09:44:24","modified_gmt":"2013-03-13T08:44:24","slug":"bienvenue-lentreprise-athetys-parmi-les-membres-de-logistics-wallonia","status":"publish","type":"post","link":"https:\/\/www.logisticsinwallonia.be\/en\/actualites\/bienvenue-lentreprise-athetys-parmi-les-membres-de-logistics-wallonia\/","title":{"rendered":"Bienvenue \u00e0 l&#8217;entreprise Athetys parmi les membres de Logistics in Wallonia"},"content":{"rendered":"<h3>\n\tLogistics in Wallonia accueille r\u00e9guli\u00e8rement de nouveaux membres. Depuis quelques jours, Logistics in Wallonia compte le centre de formation Athetys parmi ses membres.<\/h3>\n<p><span style=\"font-family: tahoma,geneva,sans-serif;\"><font face=\"Tahoma\">Sp\u00e9cialis\u00e9 en logistique, transport et en s\u00e9curit\u00e9, <\/font>Athetys est un centre de formation agr\u00e9\u00e9 Qfor. <\/span><span style=\"font-family: tahoma,geneva,sans-serif;\">Athetys est \u00e9galement le centre de formation attitr\u00e9 de Manpower Belgium.<br \/>\n\tChaque ann\u00e9e, les 8 instructeurs d&#8217;Ath\u00e9tys forment pr\u00e8s de 3500 candidats.<\/span><\/p>\n<p>\tSelon les besoins de l&#8217;entreprise, les formations dispens\u00e9es par Ath\u00e9tys sont organis\u00e9es au sein de l&#8217;entreprise cliente ou dans un des trois centres. Ceux-ci sont situ\u00e9s \u00e0 Vilvoorde, Tessenderlo et Evergem. <\/p>\n<p><span style=\"font-family: tahoma,geneva,sans-serif;\">Bien qu&#8217;Athetys ouvrira prochainement un nouveau centre de formation flambant neuf \u00e0 proximit\u00e9 de l\u2019a\u00e9roport de Charleroi, les activit\u00e9s de l&#8217;op\u00e9rateur de formation couvrent d\u00e9j\u00e0 l&#8217;ensemble du territoire belge. En effet, p<\/span><span style=\"font-family: tahoma,geneva,sans-serif;\">ar le biais de partenariats, des formations sont \u00e9galement organis\u00e9es \u00e0 Heppignies ainsi qu&#8217;\u00e0 Jemeppe s\/Meuse. <\/span><\/p>\n<h3>\n\t<span style=\"font-family: tahoma,geneva,sans-serif;\">Pour de plus amples information<\/span><\/h3>\n<p><span style=\"font-family: tahoma,geneva,sans-serif;\">Visitez le site web d&#8217;Athetys: <a href=\"http:\/\/www.athetys.eu\" target=\"_blank\" rel=\"noopener\">www.athetys.eu<\/a><br \/>\n\tContactez Bettina Hamers &#8211; 02 253 85 11<\/span><\/p>\n<p><img decoding=\"async\" alt=\"\" src=\"https:\/\/www.logisticsinwallonia.be\/sites\/default\/files\/files\/athetys_team.png\" style=\"width: 571px; height: 379px;\" \/><\/p>\n","protected":false},"excerpt":{"rendered":"<p>Logistics in Wallonia accueille r\u00e9guli\u00e8rement de nouveaux membres. Depuis quelques jours, Logistics in Wallonia compte le centre de formation Athetys [&hellip;]<\/p>\n","protected":false},"author":1,"featured_media":0,"comment_status":"closed","ping_status":"closed","sticky":false,"template":"","format":"standard","meta":{"_acf_changed":false,"footnotes":""},"categories":[149],"class_list":["post-10036","post","type-post","status-publish","format-standard","hentry","category-non-classifiee-2"],"acf":[],"_links":{"self":[{"href":"https:\/\/www.logisticsinwallonia.be\/en\/wp-json\/wp\/v2\/posts\/10036","targetHints":{"allow":["GET"]}}],"collection":[{"href":"https:\/\/www.logisticsinwallonia.be\/en\/wp-json\/wp\/v2\/posts"}],"about":[{"href":"https:\/\/www.logisticsinwallonia.be\/en\/wp-json\/wp\/v2\/types\/post"}],"author":[{"embeddable":true,"href":"https:\/\/www.logisticsinwallonia.be\/en\/wp-json\/wp\/v2\/users\/1"}],"replies":[{"embeddable":true,"href":"https:\/\/www.logisticsinwallonia.be\/en\/wp-json\/wp\/v2\/comments?post=10036"}],"version-history":[{"count":0,"href":"https:\/\/www.logisticsinwallonia.be\/en\/wp-json\/wp\/v2\/posts\/10036\/revisions"}],"wp:attachment":[{"href":"https:\/\/www.logisticsinwallonia.be\/en\/wp-json\/wp\/v2\/media?parent=10036"}],"wp:term":[{"taxonomy":"category","embeddable":true,"href":"https:\/\/www.logisticsinwallonia.be\/en\/wp-json\/wp\/v2\/categories?post=10036"}],"curies":[{"name":"wp","href":"https:\/\/api.w.org\/{rel}","templated":true}]}}