{"id":10053,"date":"2013-02-04T11:59:42","date_gmt":"2013-02-04T10:59:42","guid":{"rendered":"https:\/\/logisticsinwallonia-2023.staging03.globulebleu.com\/actualites\/participez-au-salon-transport-logistique-aux-meilleures-conditions\/"},"modified":"2013-02-04T11:59:42","modified_gmt":"2013-02-04T10:59:42","slug":"participez-au-salon-transport-logistique-aux-meilleures-conditions","status":"publish","type":"post","link":"https:\/\/www.logisticsinwallonia.be\/en\/actualites\/participez-au-salon-transport-logistique-aux-meilleures-conditions\/","title":{"rendered":"Participez au salon Transport &#038; Logistique aux meilleures conditions"},"content":{"rendered":"<h3>\n\tA l\u2019occasion du salon Transports &#038; Logistique qui se d\u00e9roulera \u00e0 Li\u00e8ge du 24 et 25 avril 2013, Logistics in Wallonia permet \u00e0 ses membres de b\u00e9n\u00e9ficier de conditions avantageuses.<\/h3>\n<p>Deux jours durant, les Halles des Foires de Coronmeuse (Li\u00e8ge) seront au coeur de toutes les attentions et sera le haut-lieu pour tous les acteurs du secteur du transport et de la logistique.<br \/>\n\tParticiper au salon Transports &#038; Logistique de Li\u00e8ge, c&#8217;est aussi:<\/p>\n<ul>\n<li>\n\t\tRencontrer des visiteurs cl\u00e9s depuis les principaux responsables de la logistique, de la production aux responsables des achats belges et \u00e9trangers.<br \/>\n\t\tParmi les participants, ACG Europe, Doosan Infracore, M\u00f6lnlycke Health Care, Ampacet Belgium, AB-Inbev ont d\u00e9j\u00e0 confirm\u00e9 leur pr\u00e9sence.<\/li>\n<li>\n\t\tSe positionner strat\u00e9gique: la plate-forme logistique li\u00e9geoise dessert, dans un rayon de 300 kilom\u00e8tres, plus de 60 millions de consommateurs dans 4 pays diff\u00e9rents<\/li>\n<\/ul>\n<h3>\n\tLogistics in Wallonia propose deux formules pr\u00e9f\u00e9rentielles \u00e0 ses membres<\/h3>\n<p>En tant que partenaire de cet \u00e9v\u00e9nement, Logistics in Wallonia souhaite donner un maximum de visibilit\u00e9 \u00e0 ses membres. En accord avec Easyfairs, Logistics in Wallonia propose les deux formules suivantes:<\/p>\n<ul>\n<li>\n\t\t<strong>Pour les membres dont les effectifs sont de plus de 10 personnes<\/strong><br \/>\n\t\tLogistics in Wallonia a pu n\u00e9gocier <strong>une r\u00e9duction exceptionnelle de 15%<\/strong> sur la location d&#8217;un stand<\/li>\n<li>\n\t\t<strong>Pour les membres dont les effectifs sont de 10 personnes ou moins <\/strong><br \/>\n\t\tLogistics in Wallonia vous accueille sur son pavillon avec une formule \u00ab all in \u00bb. <br \/>\n\t\tDisposez d\u2019un stand enti\u00e8rement fonctionnel pour faire des affaires de fa\u00e7on professionnelle \u00e0 pour <strong>1.500\u20ac HTVA<\/strong>. Cette offre comprend votre emplacement enti\u00e8rement \u00e9quip\u00e9, les outils de promotion du salon et l\u2019assurance exposant.<br \/>\n\t\t<u>Attention, le nombre d\u2019emplacements sur le pavillon est limit\u00e9<\/u><\/li>\n<\/ul>\n<h3>\n\tInformations et inscriptions<\/h3>\n<p>Pour toute information compl\u00e9mentaire ou pour r\u00e9server votre stand, nous vous invitons \u00e0 contacter:<\/p>\n<ul>\n<li>\n\t\tVal\u00e9rie Quoibion au 081\/321167<\/li>\n<li>\n\t\tNadine Duchesne 081\/321162<\/li>\n<\/ul>\n<h3>\n\tDevenir membre de Logistics in Wallonia<\/h3>\n<p>Pour devenir membre de Logistics in Wallonia, il suffit de <a href=\"http:\/\/www.logisticsinwallonia.be\/devenez-membre\" target=\"_self\" rel=\"noopener\">compl\u00e9ter le formulaire en ligne en cliquant ici<\/a><\/p>\n","protected":false},"excerpt":{"rendered":"<p>A l\u2019occasion du salon Transports &#038; Logistique qui se d\u00e9roulera \u00e0 Li\u00e8ge du 24 et 25 avril 2013, Logistics in [&hellip;]<\/p>\n","protected":false},"author":1,"featured_media":0,"comment_status":"closed","ping_status":"closed","sticky":false,"template":"","format":"standard","meta":{"_acf_changed":false,"footnotes":""},"categories":[149],"class_list":["post-10053","post","type-post","status-publish","format-standard","hentry","category-non-classifiee-2"],"acf":[],"_links":{"self":[{"href":"https:\/\/www.logisticsinwallonia.be\/en\/wp-json\/wp\/v2\/posts\/10053","targetHints":{"allow":["GET"]}}],"collection":[{"href":"https:\/\/www.logisticsinwallonia.be\/en\/wp-json\/wp\/v2\/posts"}],"about":[{"href":"https:\/\/www.logisticsinwallonia.be\/en\/wp-json\/wp\/v2\/types\/post"}],"author":[{"embeddable":true,"href":"https:\/\/www.logisticsinwallonia.be\/en\/wp-json\/wp\/v2\/users\/1"}],"replies":[{"embeddable":true,"href":"https:\/\/www.logisticsinwallonia.be\/en\/wp-json\/wp\/v2\/comments?post=10053"}],"version-history":[{"count":0,"href":"https:\/\/www.logisticsinwallonia.be\/en\/wp-json\/wp\/v2\/posts\/10053\/revisions"}],"wp:attachment":[{"href":"https:\/\/www.logisticsinwallonia.be\/en\/wp-json\/wp\/v2\/media?parent=10053"}],"wp:term":[{"taxonomy":"category","embeddable":true,"href":"https:\/\/www.logisticsinwallonia.be\/en\/wp-json\/wp\/v2\/categories?post=10053"}],"curies":[{"name":"wp","href":"https:\/\/api.w.org\/{rel}","templated":true}]}}