{"id":10054,"date":"2013-02-01T10:23:40","date_gmt":"2013-02-01T09:23:40","guid":{"rendered":"https:\/\/logisticsinwallonia-2023.staging03.globulebleu.com\/actualites\/biolog-europe-aborde-2013-avec-une-nouvelle-equipe\/"},"modified":"2013-02-01T10:23:40","modified_gmt":"2013-02-01T09:23:40","slug":"biolog-europe-aborde-2013-avec-une-nouvelle-equipe","status":"publish","type":"post","link":"https:\/\/www.logisticsinwallonia.be\/en\/actualites\/biolog-europe-aborde-2013-avec-une-nouvelle-equipe\/","title":{"rendered":"Biolog Europe aborde 2013 avec une nouvelle \u00e9quipe"},"content":{"rendered":"<p><strong>Depuis juillet 2011, Hugues Van Espen g\u00e8re et anime Biolog Europe. Alors qu\u2019il sera prochainement appel\u00e9 \u00e0 occuper de nouvelles fonctions dans une entreprise li\u00e9geoise, Hugues Van Espen dresse un bilan sur les activit\u00e9s de Biolog Europe et pr\u00e9sente les perspectives prometteuses de Biolog Europe \u00e0 courts termes.<\/strong><\/p>\n<p>\n\t<strong>Consolider les acquis et donner un nouveau souffle.<\/strong><\/p>\n<p>Soutenue par Logistics in Wallonia et financ\u00e9e par le Gouvernement wallon, l&#8217;action Biolog Europe vise le d\u00e9veloppement des activit\u00e9s de production et de logistique en Wallonie pour les entreprises actives dans les sciences du vivant (secteur pharmaceutique, les biotechnologies et les medical devices).<br \/>\n\t\u00ab Dans un premier temps, avec l\u2019\u00e9quipe de Biolog Europe, nous nous sommes attel\u00e9s \u00e0 identifier et mettre en lumi\u00e8re les acquis de la Wallonie. D\u2019autre part, en appuyant notre d\u00e9marche sur des outils et des m\u00e9thodologies probantes, nous avons concentr\u00e9 nos efforts sur un v\u00e9ritable travail de fond avec les entreprises et tous les acteurs du secteur \u00bb.<\/p>\n<p>\tEn effet, en moins de deux ans, Biolog Europe a pu assoir sa r\u00e9putation et d\u00e9velopper un r\u00e9seau de partenaires privil\u00e9gi\u00e9s, tant sur un plan national qu\u2019international. \u00ab Depuis les centres de recherche au CMO en passant par les CRO, les incubateurs ou encore les administrations, l\u2019\u00e9quipe de Biolog Europe a pu cr\u00e9er un climat de confiance avec tous les intervenants du r\u00e9seau. Aujourd\u2019hui, les entreprises commencent \u00e0 adopter le r\u00e9flexe Biolog Europe et n\u2019h\u00e9sitent plus \u00e0 solliciter notre aide \u00bb.<\/p>\n<p><strong>Les perspectives de Biolog Europe en 2013.<\/strong><\/p>\n<p>L\u2019avenir de Biolog Europe est des plus prometteurs. Quatre axes de d\u00e9veloppement ont \u00e9t\u00e9 d\u00e9finis par la nouvelle \u00e9quipe pour 2013 :<\/p>\n<ul>\n<li>\n\t\tAxe prioritaire : la prospection visant \u00e0 l\u2019attraction de manufacturing et distribution centres, voire R&#038;D. Cela se fera via une pr\u00e9sence r\u00e9guli\u00e8re et soutenue sur les march\u00e9s \u00e9trangers afin d\u2019identifier, \u00e0 la source et en collaboration avec l\u2019AWEX, les projets d\u2019investissements de demain.<\/p>\n<ul>\n<li>\n\t\t\t\tAu niveau g\u00e9ographique :Les Etats-Unis sont la cible principale avec une grande repr\u00e9sentativit\u00e9 du march\u00e9 mondial et une source de projets vers l\u2019Europe importante mais d\u2019autres r\u00e9gions du monde seront \u00e9galement consid\u00e9r\u00e9s. Citons par exemple Isra\u00ebl, certains pays asiatiques comme Singapour, la Cor\u00e9e ou l\u2019Inde ainsi que diff\u00e9rentes r\u00e9gions d\u2019Europe comme la Scandinavie.<\/li>\n<li>\n\t\t\t\tDes actions par sous-secteur seront \u00e9galement mises en place telles que des actions orient\u00e9es \u00ab medical devices \u00bb ou encore neutraceuticals par exemple.<\/li>\n<\/ul>\n<\/li>\n<li>\n\t\tRegroupement de flux a\u00e9riens de grands industriels du secteur life sciences avec l\u2019objectif de centraliser certains de ces flux, en fonction de solutions logistiques existantes et \u00e0 d\u00e9velopper, sur Li\u00e8ge Airport<\/li>\n<li>\n\t\tRed\u00e9finition de mod\u00e8les logistiques et de la supply chain de certaines organisations et industriels locaux afin d\u2019en d\u00e9gager une valeur ajout\u00e9e plus importante pour la R\u00e9gion wallonne<\/li>\n<li>\n\t\tParticipation au d\u00e9veloppement endog\u00e8ne de certaines fili\u00e8res telles que la logistique hospitali\u00e8re, la logistique humanitaire ou encore le transport de patients.<\/li>\n<\/ul>\n<p><strong>Biolog Europe, une \u00e9quipe \u00e0 votre service.<\/strong><\/p>\n<p>Les r\u00e9sultats de Biolog Europe sont le fruit d&#8217;un travail d\u2019\u00e9quipe. A partir de f\u00e9vrier, Hugues Van Espen c\u00e8dera le flambeau \u00e0 Franck Toussaint pour g\u00e9rer et animer Biolog Europe. \u00ab Mon d\u00e9part de Biolog Europe n\u2019impacte en rien les activit\u00e9s de Biolog Europe. L\u2019\u00e9quipe qui m\u2019a accompagn\u00e9e ces mois durant n\u2019est pas orph\u00e9line. Chaque personne jouait d\u00e9j\u00e0 un r\u00f4le majeur dans Biolog Europe. Gr\u00e2ce \u00e0 Franck Toussaint et Nicolas Cogneau, je pourrai assumer mes nouvelles fonctions sereinement et poursuivre ma contribution au d\u00e9veloppement de la Wallonie \u00bb.<\/p>\n<p><strong>Visitez <a href=\"http:\/\/www.biologeurope.com\/\" target=\"_blank\" rel=\"noopener\">le site web de Biolog Europe<\/a><\/strong><\/p><\/p>\n","protected":false},"excerpt":{"rendered":"<p>Depuis juillet 2011, Hugues Van Espen g\u00e8re et anime Biolog Europe. Alors qu\u2019il sera prochainement appel\u00e9 \u00e0 occuper de nouvelles [&hellip;]<\/p>\n","protected":false},"author":1,"featured_media":0,"comment_status":"closed","ping_status":"closed","sticky":false,"template":"","format":"standard","meta":{"_acf_changed":false,"footnotes":""},"categories":[149],"class_list":["post-10054","post","type-post","status-publish","format-standard","hentry","category-non-classifiee-2"],"acf":[],"_links":{"self":[{"href":"https:\/\/www.logisticsinwallonia.be\/en\/wp-json\/wp\/v2\/posts\/10054","targetHints":{"allow":["GET"]}}],"collection":[{"href":"https:\/\/www.logisticsinwallonia.be\/en\/wp-json\/wp\/v2\/posts"}],"about":[{"href":"https:\/\/www.logisticsinwallonia.be\/en\/wp-json\/wp\/v2\/types\/post"}],"author":[{"embeddable":true,"href":"https:\/\/www.logisticsinwallonia.be\/en\/wp-json\/wp\/v2\/users\/1"}],"replies":[{"embeddable":true,"href":"https:\/\/www.logisticsinwallonia.be\/en\/wp-json\/wp\/v2\/comments?post=10054"}],"version-history":[{"count":0,"href":"https:\/\/www.logisticsinwallonia.be\/en\/wp-json\/wp\/v2\/posts\/10054\/revisions"}],"wp:attachment":[{"href":"https:\/\/www.logisticsinwallonia.be\/en\/wp-json\/wp\/v2\/media?parent=10054"}],"wp:term":[{"taxonomy":"category","embeddable":true,"href":"https:\/\/www.logisticsinwallonia.be\/en\/wp-json\/wp\/v2\/categories?post=10054"}],"curies":[{"name":"wp","href":"https:\/\/api.w.org\/{rel}","templated":true}]}}