{"id":10067,"date":"2013-01-07T10:42:13","date_gmt":"2013-01-07T09:42:13","guid":{"rendered":"https:\/\/logisticsinwallonia-2023.staging03.globulebleu.com\/actualites\/salon-metamorphoses-liege\/"},"modified":"2013-01-07T10:42:13","modified_gmt":"2013-01-07T09:42:13","slug":"salon-metamorphoses-liege","status":"publish","type":"post","link":"https:\/\/www.logisticsinwallonia.be\/en\/actualites\/salon-metamorphoses-liege\/","title":{"rendered":"Salon M\u00e9tamorphoses \u00e0 Li\u00e8ge"},"content":{"rendered":"<\/p>\n<p><strong>Les 30 et 31 janvier prochains, la SPI organisera le<\/strong> <strong>salon M\u00e9tamorphoses<\/strong>.<\/p>\n<p>\t<span style=\"font-family: arial,helvetica,sans-serif;\">Ce salon, d\u00e9di\u00e9 aux cr\u00e9ateurs et aux utilisateurs de mat\u00e9riaux innovants, est \u00e9galement un lieu propice aux rencontres et aux opportunit\u00e9s pour les entreprises de tous les secteurs.<\/span><\/p>\n<p><span style=\"font-family: arial,helvetica,sans-serif;\">Dans le cadre du salon M\u00e9tamorphoses, vous pourrez participer gratuitement au:<\/span><\/p>\n<ul>\n<li>\n\t\t<span style=\"font-family: arial,helvetica,sans-serif;\"><strong>B2B Meeting Day<\/strong> du 30 janvier avec des exposants et des visiteurs professionnels de ce salon.<\/span><\/li>\n<li>\n\t\t<strong>un cycle de conf\u00e9rences <\/strong>sur les th\u00e8mes du transport, de l&#8217;\u00e9nergie, de la construction et de l&#8217;a\u00e9ronautique\n\t\t <\/li>\n<\/ul>\n<p><strong>Informations et inscriptions<\/strong><\/p>\n<ul>\n<li>\n\t\t<a href=\"http:\/\/www.salon-metamorphoses.be\/\" target=\"_blank\" rel=\"noopener\">Visitez le site web du salon M\u00e9tamorphoses<\/a><\/li>\n<li>\n<p><a href=\"http:\/\/vimeo.com\/51120761\" target=\"_blank\" rel=\"noopener\">Visionnez la vid\u00e9o de pr\u00e9sentation du salon M\u00e9tamorphoses en cliquant ICI<\/a><\/p>\n<\/li>\n<li>\n<p><a href=\"https:\/\/www.facebook.com\/salonmetamorphoses?ref=hl\" target=\"_blank\" rel=\"noopener\">Rejoignez le salon M\u00e9tamorphoses sur Facebook<\/a><\/p>\n<\/li>\n<\/ul>\n","protected":false},"excerpt":{"rendered":"<p>Les 30 et 31 janvier prochains, la SPI organisera le salon M\u00e9tamorphoses. Ce salon, d\u00e9di\u00e9 aux cr\u00e9ateurs et aux utilisateurs [&hellip;]<\/p>\n","protected":false},"author":1,"featured_media":0,"comment_status":"closed","ping_status":"closed","sticky":false,"template":"","format":"standard","meta":{"_acf_changed":false,"footnotes":""},"categories":[149],"class_list":["post-10067","post","type-post","status-publish","format-standard","hentry","category-non-classifiee-2"],"acf":[],"_links":{"self":[{"href":"https:\/\/www.logisticsinwallonia.be\/en\/wp-json\/wp\/v2\/posts\/10067","targetHints":{"allow":["GET"]}}],"collection":[{"href":"https:\/\/www.logisticsinwallonia.be\/en\/wp-json\/wp\/v2\/posts"}],"about":[{"href":"https:\/\/www.logisticsinwallonia.be\/en\/wp-json\/wp\/v2\/types\/post"}],"author":[{"embeddable":true,"href":"https:\/\/www.logisticsinwallonia.be\/en\/wp-json\/wp\/v2\/users\/1"}],"replies":[{"embeddable":true,"href":"https:\/\/www.logisticsinwallonia.be\/en\/wp-json\/wp\/v2\/comments?post=10067"}],"version-history":[{"count":0,"href":"https:\/\/www.logisticsinwallonia.be\/en\/wp-json\/wp\/v2\/posts\/10067\/revisions"}],"wp:attachment":[{"href":"https:\/\/www.logisticsinwallonia.be\/en\/wp-json\/wp\/v2\/media?parent=10067"}],"wp:term":[{"taxonomy":"category","embeddable":true,"href":"https:\/\/www.logisticsinwallonia.be\/en\/wp-json\/wp\/v2\/categories?post=10067"}],"curies":[{"name":"wp","href":"https:\/\/api.w.org\/{rel}","templated":true}]}}