{"id":10079,"date":"2012-11-06T00:08:17","date_gmt":"2012-11-05T23:08:17","guid":{"rendered":"https:\/\/logisticsinwallonia-2023.staging03.globulebleu.com\/actualites\/seminaire-logistique-de-la-febetra\/"},"modified":"2012-11-06T00:08:17","modified_gmt":"2012-11-05T23:08:17","slug":"seminaire-logistique-de-la-febetra","status":"publish","type":"post","link":"https:\/\/www.logisticsinwallonia.be\/en\/actualites\/seminaire-logistique-de-la-febetra\/","title":{"rendered":"S\u00e9minaire logistique de la FEBETRA"},"content":{"rendered":"<p>Fid\u00e8le \u00e0 la tradition, la commission logistique de la FEBETRA a le plaisir de vous inviter \u00e0 son colloque annuel ayant pour th\u00e8me cette ann\u00e9e :<\/p>\n<p class=\"rtecenter\"><strong>Developing excellence in logistics and partnership, the only way to survive the crisis. <\/strong><\/p>\n<p>Ce s\u00e9minaire aura lieu le jeudi 15 novembre 2012 \u00e0 9h30 dans les locaux de la FEBETRA, rue de l\u2019Entrep\u00f4t 5a, 1020 Bruxelles.<\/p>\n<p>Le programme et le formulaire d&#8217;inscription<a href=\"http:\/\/www.febetra.be\/modules\/events\/index.php?id=95&#038;pcid=965\"> se trouvent ici<\/a>.<\/p>\n","protected":false},"excerpt":{"rendered":"<p>Fid\u00e8le \u00e0 la tradition, la commission logistique de la FEBETRA a le plaisir de vous inviter \u00e0 son colloque annuel [&hellip;]<\/p>\n","protected":false},"author":1,"featured_media":0,"comment_status":"closed","ping_status":"closed","sticky":false,"template":"","format":"standard","meta":{"_acf_changed":false,"footnotes":""},"categories":[149],"class_list":["post-10079","post","type-post","status-publish","format-standard","hentry","category-non-classifiee-2"],"acf":[],"_links":{"self":[{"href":"https:\/\/www.logisticsinwallonia.be\/en\/wp-json\/wp\/v2\/posts\/10079","targetHints":{"allow":["GET"]}}],"collection":[{"href":"https:\/\/www.logisticsinwallonia.be\/en\/wp-json\/wp\/v2\/posts"}],"about":[{"href":"https:\/\/www.logisticsinwallonia.be\/en\/wp-json\/wp\/v2\/types\/post"}],"author":[{"embeddable":true,"href":"https:\/\/www.logisticsinwallonia.be\/en\/wp-json\/wp\/v2\/users\/1"}],"replies":[{"embeddable":true,"href":"https:\/\/www.logisticsinwallonia.be\/en\/wp-json\/wp\/v2\/comments?post=10079"}],"version-history":[{"count":0,"href":"https:\/\/www.logisticsinwallonia.be\/en\/wp-json\/wp\/v2\/posts\/10079\/revisions"}],"wp:attachment":[{"href":"https:\/\/www.logisticsinwallonia.be\/en\/wp-json\/wp\/v2\/media?parent=10079"}],"wp:term":[{"taxonomy":"category","embeddable":true,"href":"https:\/\/www.logisticsinwallonia.be\/en\/wp-json\/wp\/v2\/categories?post=10079"}],"curies":[{"name":"wp","href":"https:\/\/api.w.org\/{rel}","templated":true}]}}