{"id":10087,"date":"2012-09-27T13:19:21","date_gmt":"2012-09-27T12:19:21","guid":{"rendered":"https:\/\/logisticsinwallonia-2023.staging03.globulebleu.com\/actualites\/pfsweb-remporte-le-prix-wallonie-lexportation-categorie-des-services\/"},"modified":"2012-09-27T13:19:21","modified_gmt":"2012-09-27T12:19:21","slug":"pfsweb-remporte-le-prix-wallonie-lexportation-categorie-des-services","status":"publish","type":"post","link":"https:\/\/www.logisticsinwallonia.be\/en\/actualites\/pfsweb-remporte-le-prix-wallonie-lexportation-categorie-des-services\/","title":{"rendered":"PFSweb remporte le prix Wallonie \u00e0 l\u2019exportation cat\u00e9gorie des services."},"content":{"rendered":"<p>La c\u00e9r\u00e9monie de remise des troph\u00e9es de la 13\u00e8me \u00e9dition du Grand Prix Wallonie \u00e0 l&#8217;Exportation a eu lieu mardi soir au Th\u00e9\u00e2tre du man\u00e8ge \u00e0 Mons.<\/p>\n<p>\tCe concours bisannuel r\u00e9compense les entreprises ayant contribu\u00e9 \u00e0 la promotion de la qualit\u00e9 et du savoir-faire wallon \u00e0 l\u2019\u00e9tranger, gr\u00e2ce \u00e0 une augmentation de leur volume d&#8217;exportation ou par la conqu\u00eate de march\u00e9s difficiles.<\/p>\n<p>\tCette ann\u00e9e, PFSweb remporte le prix Wallonie \u00e0 l\u2019exportation cat\u00e9gorie des services soulignant ainsi son dynamisme notable et sa politique globale d&#8217;exportation!<\/p>\n<p>\tD\u00e9couvrez la vid\u00e9o consacr\u00e9e \u00e0 leur soci\u00e9t\u00e9 !<br \/>\n\t<a href=\"http:\/\/www.youtube.com\/watch?v=cvzsF-8_HeU&#038;feature=youtu.be\" target=\"_blank\" rel=\"noopener\"><img decoding=\"async\" alt=\"\" src=\"https:\/\/www.logisticsinwallonia.be\/sites\/default\/files\/files\/images\/pfswebvideo.png\" style=\"border-width: 3px; border-style: solid; margin: 5px; width: 400px; height: 244px;\" \/><\/a><\/p>\n<p>\tN&#8217;h\u00e9sitez pas \u00e0 les contacter pour votre projet e-commerce!<\/p>\n<p>\t<u>Personne de contact:<\/u><br \/>\n\t<a href=\"mailto:akinet@europe.pfsweb.com \"><strong>Anabelle Kinet<\/strong><\/a><br \/>\n\tSales &#038; Marketing Director \u2013 Europe<br \/>\n\tPhone : + 32 495 29 29 65<\/p>\n","protected":false},"excerpt":{"rendered":"<p>La c\u00e9r\u00e9monie de remise des troph\u00e9es de la 13\u00e8me \u00e9dition du Grand Prix Wallonie \u00e0 l&#8217;Exportation a eu lieu mardi [&hellip;]<\/p>\n","protected":false},"author":1,"featured_media":0,"comment_status":"closed","ping_status":"closed","sticky":false,"template":"","format":"standard","meta":{"_acf_changed":false,"footnotes":""},"categories":[149],"class_list":["post-10087","post","type-post","status-publish","format-standard","hentry","category-non-classifiee-2"],"acf":[],"_links":{"self":[{"href":"https:\/\/www.logisticsinwallonia.be\/en\/wp-json\/wp\/v2\/posts\/10087","targetHints":{"allow":["GET"]}}],"collection":[{"href":"https:\/\/www.logisticsinwallonia.be\/en\/wp-json\/wp\/v2\/posts"}],"about":[{"href":"https:\/\/www.logisticsinwallonia.be\/en\/wp-json\/wp\/v2\/types\/post"}],"author":[{"embeddable":true,"href":"https:\/\/www.logisticsinwallonia.be\/en\/wp-json\/wp\/v2\/users\/1"}],"replies":[{"embeddable":true,"href":"https:\/\/www.logisticsinwallonia.be\/en\/wp-json\/wp\/v2\/comments?post=10087"}],"version-history":[{"count":0,"href":"https:\/\/www.logisticsinwallonia.be\/en\/wp-json\/wp\/v2\/posts\/10087\/revisions"}],"wp:attachment":[{"href":"https:\/\/www.logisticsinwallonia.be\/en\/wp-json\/wp\/v2\/media?parent=10087"}],"wp:term":[{"taxonomy":"category","embeddable":true,"href":"https:\/\/www.logisticsinwallonia.be\/en\/wp-json\/wp\/v2\/categories?post=10087"}],"curies":[{"name":"wp","href":"https:\/\/api.w.org\/{rel}","templated":true}]}}