{"id":10105,"date":"2012-09-04T12:14:23","date_gmt":"2012-09-04T11:14:23","guid":{"rendered":"https:\/\/logisticsinwallonia-2023.staging03.globulebleu.com\/actualites\/changement-du-presidence-pour-le-paco\/"},"modified":"2012-09-04T12:14:23","modified_gmt":"2012-09-04T11:14:23","slug":"changement-du-presidence-pour-le-paco","status":"publish","type":"post","link":"https:\/\/www.logisticsinwallonia.be\/en\/actualites\/changement-du-presidence-pour-le-paco\/","title":{"rendered":"Changement du pr\u00e9sidence pour le PACO!"},"content":{"rendered":"<h2 class=\"rtecenter\">\n\tNouvelle pr\u00e9sidence pour le PACO !<\/h2>\n<p>\n\tDes d\u00e9cisions r\u00e9centes ont \u00e9t\u00e9 prises par le Gouvernement wallon dans le cadre de la d\u00e9signation des mandataires publics au sein du CA du PACO, le Port Autonome du Centre et de l\u2019Ouest. Le nombre d&#8217;Administrateurs passe de 18 \u00e0 15 et le nombre de mandats publics de 8 \u00e0 5. Rien ne change en ce qui concerne les repr\u00e9sentants des Intercommunales et du secteur priv\u00e9.<\/p>\n<p>Tout d&#8217;abord, Mr Willy TAMINIAUX dont le mandat se terminait en juin 2010 et atteint par la limite d&#8217;\u00e2ge est remplac\u00e9 en tant que Pr\u00e9sident par Mr Jean GODIN.<\/p>\n<p>Les autres Administrateurs publics effectifs seront Mmes Anne &#8211; Sophie CHARLE et Dominique &#8211; Anne FALYS et Mrs Jean-Philippe PAPART et Beno\u00eet MAT.<\/p>\n<p>Les Administrateurs suppl\u00e9ants seront Mmes B\u00e9n\u00e9dicte LINARD, A. VANDENABEELE et Yolande SAMPARESE et Mrs G\u00e9ry BOMBART et F. SCHILLINGS.<\/p>\n<p>La Commissaire du Gouvernement Mme Anne &#8211; Fran\u00e7oise MOUTON, d\u00e9missionnaire, est quant \u00e0 elle remplac\u00e9e par Mr Andr\u00e9 &#8211; Philippe VANDESMAL.<\/p>\n<p>Les plus vifs remerciements ont \u00e9t\u00e9 adress\u00e9s aux anciens Administrateurs \u00e0 savoir Mrs St\u00e9phane MAUCCI, Yves DEGREEF et Marc D&#8217;HAENE pour leur contribution active au sein de notre Conseil et bien entendu \u00e0 notre past-Pr\u00e9sident Willy TAMINIAUX pour son implication d\u00e8s avant la cr\u00e9ation du Port puisqu&#8217;il en est la cheville ouvri\u00e8re ainsi que tout au long des 12 premi\u00e8res ann\u00e9es du PACO.<\/p>\n<p>Nous souhaitons encore de belles ann\u00e9es et une belle croissance au PACO !<\/p><\/p>\n","protected":false},"excerpt":{"rendered":"<p>Nouvelle pr\u00e9sidence pour le PACO ! Des d\u00e9cisions r\u00e9centes ont \u00e9t\u00e9 prises par le Gouvernement wallon dans le cadre de [&hellip;]<\/p>\n","protected":false},"author":1,"featured_media":0,"comment_status":"closed","ping_status":"closed","sticky":false,"template":"","format":"standard","meta":{"_acf_changed":false,"footnotes":""},"categories":[149],"class_list":["post-10105","post","type-post","status-publish","format-standard","hentry","category-non-classifiee-2"],"acf":[],"_links":{"self":[{"href":"https:\/\/www.logisticsinwallonia.be\/en\/wp-json\/wp\/v2\/posts\/10105","targetHints":{"allow":["GET"]}}],"collection":[{"href":"https:\/\/www.logisticsinwallonia.be\/en\/wp-json\/wp\/v2\/posts"}],"about":[{"href":"https:\/\/www.logisticsinwallonia.be\/en\/wp-json\/wp\/v2\/types\/post"}],"author":[{"embeddable":true,"href":"https:\/\/www.logisticsinwallonia.be\/en\/wp-json\/wp\/v2\/users\/1"}],"replies":[{"embeddable":true,"href":"https:\/\/www.logisticsinwallonia.be\/en\/wp-json\/wp\/v2\/comments?post=10105"}],"version-history":[{"count":0,"href":"https:\/\/www.logisticsinwallonia.be\/en\/wp-json\/wp\/v2\/posts\/10105\/revisions"}],"wp:attachment":[{"href":"https:\/\/www.logisticsinwallonia.be\/en\/wp-json\/wp\/v2\/media?parent=10105"}],"wp:term":[{"taxonomy":"category","embeddable":true,"href":"https:\/\/www.logisticsinwallonia.be\/en\/wp-json\/wp\/v2\/categories?post=10105"}],"curies":[{"name":"wp","href":"https:\/\/api.w.org\/{rel}","templated":true}]}}