{"id":9387,"date":"2021-10-15T08:32:00","date_gmt":"2021-10-15T07:32:00","guid":{"rendered":"https:\/\/logisticsinwallonia-2023.staging03.globulebleu.com\/actualites\/le-port-autonome-de-liege-laureat-du-defi-mobilite-de-la-semaine-de-la-mobilite-2021-du-service\/"},"modified":"2021-10-15T08:32:00","modified_gmt":"2021-10-15T07:32:00","slug":"le-port-autonome-de-liege-laureat-du-defi-mobilite-de-la-semaine-de-la-mobilite-2021-du-service","status":"publish","type":"post","link":"https:\/\/www.logisticsinwallonia.be\/en\/actualites\/le-port-autonome-de-liege-laureat-du-defi-mobilite-de-la-semaine-de-la-mobilite-2021-du-service\/","title":{"rendered":"Le Port autonome de Li\u00e8ge, laur\u00e9at du \u00ab D\u00e9fi Mobilit\u00e9 de la Semaine de la Mobilit\u00e9 2021 du Service public de Wallonie \u00bb"},"content":{"rendered":"<p><strong>Le Port autonome de Li\u00e8ge, laur\u00e9at du \u00ab D\u00e9fi Mobilit\u00e9 de la Semaine de la Mobilit\u00e9 2021 du Service public de Wallonie  <br \/>\nCat\u00e9gorie \u00ab Meilleure action en faveur d\u2019un transport de marchandises durable &#8211; Transport lourd \u00bb !<\/strong><\/p>\n<p>Le Port autonome de Li\u00e8ge est l\u2019un des gagnants du <strong>\u00ab D\u00e9fi Mobilit\u00e9 de la Semaine de la Mobilit\u00e9 2021 du Service public de Wallonie \u2013 et est le premier laur\u00e9at de la Cat\u00e9gorie \u00ab Meilleure action en faveur d\u2019un transport durable de marchandises \u2013 Transport lourd \u00bb ! <\/strong>Parmi les 190 actions wallonnes r\u00e9alis\u00e9es par les entreprises, \u00e9coles, institutions\u2026 qui ont relev\u00e9 le \u00ab D\u00e9fi Mobilit\u00e9 \u00bb du Service public de Wallonie dans le cadre de la Semaine de la Mobilit\u00e9, le jury a particuli\u00e8rement appr\u00e9ci\u00e9 la d\u00e9monstration de la barge Zulu et du conteneur FlexiMalle organis\u00e9e par le Port autonome de Li\u00e8ge en \u00e9troite collaboration avec <a href=\"https:\/\/www.logisticsinwallonia.be\/fr\/projets\/smart-track-4-waterway-0\" rel=\"noopener\" target=\"_blank\">Smart Track for Waterway<\/a> le 16 septembre dernier.<\/p>\n<p>Cette d\u00e9monstration organis\u00e9e chez Euroports Inland Terminals a mis en \u00e9vidence des solutions innovantes contribuant \u00e0 la transition vers une logistique urbaine plus efficace et \u00e9cologique. Le Zulu, con\u00e7u par Blue Line Logistics, est une barge de petite taille (50m x 6,6m) \u00e9quip\u00e9e d\u2019une grue embarqu\u00e9e permettant de charger et d\u00e9charger jusqu\u2019\u00e0 300 tonnes de marchandises, rendant son usage particuli\u00e8rement adapt\u00e9 au transport de marchandises \u00e0 destination des villes. La d\u00e9monstration a permis de mettre en \u00e9vidence la facilit\u00e9 de d\u00e9chargement de palettes et de leur prise en charge \u00e0 quai par Rayon9, entreprise li\u00e9geoise sp\u00e9cialis\u00e9e dans le transport \u00e0 v\u00e9lo-cargo de marchandises et de colis. Les participants \u00e0 l\u2019\u00e9v\u00e9nement ont pu observer la manipulation de la FlexiMalle, d\u00e9velopp\u00e9e par Sogestran, qui est un nouveau conteneur (20 ou 40 pieds) l\u00e9ger, standardis\u00e9 et pliable r\u00e9pondant aux besoins de massification des flux et de r\u00e9duction des co\u00fbts de transbordement.<\/p>\n<p>Plus d\u2019une quarantaine de participants principalement issus du monde \u00e9conomique a particip\u00e9 \u00e0 cet \u00e9v\u00e9nement.<\/p>\n<p>Gr\u00e2ce \u00e0 cette action, le Port autonome de Li\u00e8ge entend aussi inscrire le transport fluvial comme mode alternatif du transport de marchandises, dans une d\u00e9marche durable et respectueuse de de l\u2019environnement.<\/p>\n<p>F\u00e9licitations encore \u00e0 toutes les \u00e9quipes ayant particip\u00e9 \u00e0 la r\u00e9alisation de cet \u00e9v\u00e9nement ! <\/p>\n<p><strong>Contacts<\/strong><\/p>\n<p>H\u00e9l\u00e8ne Thi\u00e9baut &#8211; Attach\u00e9e Communication <br \/>\nPORT AUTONOME DE LIEGE <br \/>\n+ 32 4 232 97 85 <br \/>\n<a href=\"mailto:h.thiebaut@portdeliege.be\">h.thiebaut@portdeliege.be<\/a> <br \/>\n<a href=\"https:\/\/www.portdeliege.be\/fr\/\" rel=\"noopener\" target=\"_blank\">www.portdeliege.be <\/a><\/p>\n<p>Lo\u00efc Pecher<br \/>\nSmart Track 4 Waterway<br \/>\nLOGISTICS IN WALLONIA<br \/>\n+32 (0)486 536 391<br \/>\n<a href=\"mailto:lpe@logisticsinwallonia.be\">lpe@logisticsinwallonia.be<\/a><br \/>\n<a href=\"https:\/\/www.logisticsinwallonia.be\/fr\" rel=\"noopener\" target=\"_blank\">www.logisticsinwallonia.be<\/a><\/p>\n","protected":false},"excerpt":{"rendered":"<p>Le Port autonome de Li\u00e8ge, laur\u00e9at du \u00ab D\u00e9fi Mobilit\u00e9 de la Semaine de la Mobilit\u00e9 2021 du Service public [&hellip;]<\/p>\n","protected":false},"author":1,"featured_media":0,"comment_status":"closed","ping_status":"closed","sticky":false,"template":"","format":"standard","meta":{"_acf_changed":false,"footnotes":""},"categories":[149],"class_list":["post-9387","post","type-post","status-publish","format-standard","hentry","category-non-classifiee-2"],"acf":[],"_links":{"self":[{"href":"https:\/\/www.logisticsinwallonia.be\/en\/wp-json\/wp\/v2\/posts\/9387","targetHints":{"allow":["GET"]}}],"collection":[{"href":"https:\/\/www.logisticsinwallonia.be\/en\/wp-json\/wp\/v2\/posts"}],"about":[{"href":"https:\/\/www.logisticsinwallonia.be\/en\/wp-json\/wp\/v2\/types\/post"}],"author":[{"embeddable":true,"href":"https:\/\/www.logisticsinwallonia.be\/en\/wp-json\/wp\/v2\/users\/1"}],"replies":[{"embeddable":true,"href":"https:\/\/www.logisticsinwallonia.be\/en\/wp-json\/wp\/v2\/comments?post=9387"}],"version-history":[{"count":0,"href":"https:\/\/www.logisticsinwallonia.be\/en\/wp-json\/wp\/v2\/posts\/9387\/revisions"}],"wp:attachment":[{"href":"https:\/\/www.logisticsinwallonia.be\/en\/wp-json\/wp\/v2\/media?parent=9387"}],"wp:term":[{"taxonomy":"category","embeddable":true,"href":"https:\/\/www.logisticsinwallonia.be\/en\/wp-json\/wp\/v2\/categories?post=9387"}],"curies":[{"name":"wp","href":"https:\/\/api.w.org\/{rel}","templated":true}]}}