{"id":9399,"date":"2021-09-09T07:56:20","date_gmt":"2021-09-09T06:56:20","guid":{"rendered":"https:\/\/logisticsinwallonia-2023.staging03.globulebleu.com\/actualites\/invitation-demonstration-de-la-barge-zulu-du-conteneur-fleximalle\/"},"modified":"2021-09-09T07:56:20","modified_gmt":"2021-09-09T06:56:20","slug":"invitation-demonstration-de-la-barge-zulu-du-conteneur-fleximalle","status":"publish","type":"post","link":"https:\/\/www.logisticsinwallonia.be\/en\/actualites\/invitation-demonstration-de-la-barge-zulu-du-conteneur-fleximalle\/","title":{"rendered":"INVITATION &#8211; D\u00e9monstration de la barge ZULU &#038; du conteneur FLEXIMALLE"},"content":{"rendered":"<p>A l\u2019occasion de la semaine de la Mobilit\u00e9, le Port autonome de Li\u00e8ge et Euroports Inland Terminals ont le plaisir de vous inviter \u00e0 une d\u00e9monstration de la barge Zulu et du conteneur FlexiMalle le <strong>jeudi 16 septembre 2021 <\/strong>au Port de Monsin.<\/p>\n<p>D\u00e9monstration du Zulu et de la FlexiMalle : une r\u00e9ponse fluviale pour la logistique urbaine \u00ab L\u2019outil de <strong>distribution urbaine<\/strong> de demain \u00bb.<\/p>\n<p>C\u2019est ainsi que la soci\u00e9t\u00e9 Blue Line Logistics, filiale de l\u2019armateur fran\u00e7ais Sogestran, pr\u00e9sentera \u00e0 Li\u00e8ge le jeudi 16 septembre 2021 sa derni\u00e8re innovation en mati\u00e8re de manutention fluviale et de <strong>logistique urbaine<\/strong>.<\/p>\n<p>Le Port autonome de Li\u00e8ge et Euroports Inland Terminals ont ainsi organis\u00e9 une d\u00e9monstration de ces solutions fluviales innovantes avec l\u2019op\u00e9rateur \u00e0 destination des concessionnaires du Port autonome de Li\u00e8ge, chargeurs et partenaires publics.<\/p>\n<p><a href=\"https:\/\/www.logisticsinwallonia.be\/sites\/default\/files\/22833.PAL-Invitation-Projet-Smart-Track%20for-Waterway-FINAL2.pdf\" rel=\"noopener\" target=\"_blank\">>>> Voir l\u2019invitation et le programme d\u00e9taill\u00e9<\/a><\/p>\n<p><a href=\"https:\/\/www.logisticsinwallonia.be\/sites\/default\/files\/FR%20Plan%20d'acc%C3%A8s%20Salle%20d'Exposition%20Port%20autonome%20de%20Li%C3%A8ge.pdf\" rel=\"noopener\" target=\"_blank\">>>> Plan d&#8217;acc\u00e8s<\/a><\/p>\n","protected":false},"excerpt":{"rendered":"<p>A l\u2019occasion de la semaine de la Mobilit\u00e9, le Port autonome de Li\u00e8ge et Euroports Inland Terminals ont le plaisir [&hellip;]<\/p>\n","protected":false},"author":1,"featured_media":0,"comment_status":"closed","ping_status":"closed","sticky":false,"template":"","format":"standard","meta":{"_acf_changed":false,"footnotes":""},"categories":[149],"class_list":["post-9399","post","type-post","status-publish","format-standard","hentry","category-non-classifiee-2"],"acf":[],"_links":{"self":[{"href":"https:\/\/www.logisticsinwallonia.be\/en\/wp-json\/wp\/v2\/posts\/9399","targetHints":{"allow":["GET"]}}],"collection":[{"href":"https:\/\/www.logisticsinwallonia.be\/en\/wp-json\/wp\/v2\/posts"}],"about":[{"href":"https:\/\/www.logisticsinwallonia.be\/en\/wp-json\/wp\/v2\/types\/post"}],"author":[{"embeddable":true,"href":"https:\/\/www.logisticsinwallonia.be\/en\/wp-json\/wp\/v2\/users\/1"}],"replies":[{"embeddable":true,"href":"https:\/\/www.logisticsinwallonia.be\/en\/wp-json\/wp\/v2\/comments?post=9399"}],"version-history":[{"count":0,"href":"https:\/\/www.logisticsinwallonia.be\/en\/wp-json\/wp\/v2\/posts\/9399\/revisions"}],"wp:attachment":[{"href":"https:\/\/www.logisticsinwallonia.be\/en\/wp-json\/wp\/v2\/media?parent=9399"}],"wp:term":[{"taxonomy":"category","embeddable":true,"href":"https:\/\/www.logisticsinwallonia.be\/en\/wp-json\/wp\/v2\/categories?post=9399"}],"curies":[{"name":"wp","href":"https:\/\/api.w.org\/{rel}","templated":true}]}}