{"id":9442,"date":"2021-03-02T09:57:37","date_gmt":"2021-03-02T08:57:37","guid":{"rendered":"https:\/\/logisticsinwallonia-2023.staging03.globulebleu.com\/actualites\/le-paco-est-la-recherche-dun-nouveau-directeur\/"},"modified":"2021-03-02T09:57:37","modified_gmt":"2021-03-02T08:57:37","slug":"le-paco-est-la-recherche-dun-nouveau-directeur","status":"publish","type":"post","link":"https:\/\/www.logisticsinwallonia.be\/en\/actualites\/le-paco-est-la-recherche-dun-nouveau-directeur\/","title":{"rendered":"Le PACO est \u00e0 la recherche d&#8217;un nouveau directeur!"},"content":{"rendered":"<p><strong><u>LE PACO \u2013 OFFRE D\u2019EMPLOI POUR LE POSTE DE DIRECTEUR<\/u><\/strong><br \/>\n(date limite de d\u00e9p\u00f4t des candidatures : 31 mars 2021)<\/p>\n<p><strong><u>Connaissances G\u00e9n\u00e9rales<\/u><\/strong><br \/>\nBonne connaissance du tissu \u00e9conomique wallon et limitrophe ainsi que des sous-r\u00e9gions concern\u00e9es (C\u0153ur de Hainaut et Wallonie Picarde)<br \/>\nCompr\u00e9hension du fonctionnement de l\u2019Administration wallonne dans l\u2019ensemble de ses comp\u00e9tences touchant le Port<br \/>\nCompr\u00e9hension des enjeux strat\u00e9giques li\u00e9s au d\u00e9veloppement des r\u00e9seaux de voies navigables et des politiques associ\u00e9es en Wallonie et dans les r\u00e9gions limitrophes.<\/p>\n<p><strong><u>Comp\u00e9tences techniques G\u00e9n\u00e9rales<\/u><\/strong><br \/>\nEtablir une vision strat\u00e9gique du d\u00e9veloppement du Port sous ses diff\u00e9rents aspects (technique, Mix commercial, relations internationales \u2026)<br \/>\nEtablissement et gestion de projets dans toutes leurs composantes<br \/>\nAssurer le contr\u00f4le interne au sein du port<br \/>\nUtiliser les diff\u00e9rents moyens de communication num\u00e9rique<br \/>\nPermis de conduire B<\/p>\n<p><strong><u>Comp\u00e9tences techniques sp\u00e9cifiques<\/u><\/strong><a><br \/>\nExp\u00e9rience dans le transport des marchandises<\/a><br \/>\nR\u00e9daction et gestion des contrats de concession<br \/>\nConnaissance du n\u00e9erlandais et de l\u2019Anglais<br \/>\nAppliquer et faire respecter les dispositions l\u00e9gales, les proc\u00e9dures, les normes et\/ou les r\u00e9glementations en vigueur (WB Fin, march\u00e9s publics, code de la Fonction publique\u2026)<br \/>\nCapacit\u00e9 de repr\u00e9senter le Port en Belgique et \u00e0 l\u2019Etranger<\/p>\n<p><a><strong><u>Comp\u00e9tences comportementales<\/u><\/strong><\/a><br \/>\nD\u00e9velopper la motivation et la coop\u00e9ration au sein de l\u2019\u00e9quipe<br \/>\nVeiller au partage de l\u2019information tout en s\u2019assurant de sa compr\u00e9hension<br \/>\nMettre en place des strat\u00e9gies pour pr\u00e9venir, g\u00e9rer et\/ou r\u00e9soudre les conflits<br \/>\nAccomplir ses missions sans supervision directe<br \/>\n\u00catre capable de travailler en r\u00e9seau<br \/>\nSens du contact dans tous les milieux (clients, concessionnaires Administration, Industrie\u2026)<\/p>\n<p><strong><u>Missions<\/u><\/strong><br \/>\nSous l\u2019Autorit\u00e9 du Conseil d\u2019Administration du Port, les missions de la direction sont :<br \/>\nGestion quotidienne du Port (administration, finances, budget, contentieux, \u00e9quipements et maintenances des infrastructures, \u2026)<br \/>\nD\u00e9veloppement et commercialisation des zones portuaires existantes et futures<br \/>\nSuivi de l\u2019activit\u00e9 et support \u00e0 la client\u00e8le<br \/>\nD\u00e9veloppement du r\u00e9seau du port en Belgique<br \/>\nVeille strat\u00e9gique et benchmarking<br \/>\nReporting proactif et transparent aux Instances du Port ainsi qu\u2019aux diff\u00e9rents organismes belges et europ\u00e9ens en lien avec le port<\/p>\n<p><strong><u>Profil<\/u><\/strong><br \/>\nD\u00e9tenteur d\u2019un master<br \/>\nExp\u00e9rience utile comme gestionnaire d\u2019entreprise ou gestionnaire de projets op\u00e9rationnels dans les domaines li\u00e9s \u00e0 la logistique ou \u00e0 l\u2019intermodalit\u00e9 dans le secteur marchandises.<\/p>\n<p><strong><u>Contrat<\/u><\/strong><br \/>\nContrat \u00e0 dur\u00e9e ind\u00e9termin\u00e9e avec \u00e9valuation apr\u00e8s une p\u00e9riode de 6 ans renouvelable<br \/>\n38 h\/ semaine<br \/>\n\u00c9chelle SPW A4\/1 avec ch\u00e8ques-repas<br \/>\nSi\u00e8ge du Port : La Louvi\u00e8re<\/p>\n<p><strong><u>Contacts<\/u><\/strong><br \/>\nBart Jourquin, pr\u00e9sident du Conseil d\u2019Administration<br \/>\n<u><a href=\"mailto:Bart.jourquin@uclouvain.be\">Bart.jourquin@uclouvain.be<\/a><\/u><br \/>\n+32 478 66 26 14<\/p>\n<p>Cathy Sicorelleo<br \/>\n<u><a href=\"mailto:c.sicorello@le-paco.be\">c.sicorello@le-paco.be<\/a><\/u><br \/>\n064\/23.63.40 ou 0471\/88.34.56<\/p>\n","protected":false},"excerpt":{"rendered":"<p>LE PACO \u2013 OFFRE D\u2019EMPLOI POUR LE POSTE DE DIRECTEUR (date limite de d\u00e9p\u00f4t des candidatures : 31 mars 2021) [&hellip;]<\/p>\n","protected":false},"author":1,"featured_media":0,"comment_status":"closed","ping_status":"closed","sticky":false,"template":"","format":"standard","meta":{"_acf_changed":false,"footnotes":""},"categories":[149],"class_list":["post-9442","post","type-post","status-publish","format-standard","hentry","category-non-classifiee-2"],"acf":[],"_links":{"self":[{"href":"https:\/\/www.logisticsinwallonia.be\/en\/wp-json\/wp\/v2\/posts\/9442","targetHints":{"allow":["GET"]}}],"collection":[{"href":"https:\/\/www.logisticsinwallonia.be\/en\/wp-json\/wp\/v2\/posts"}],"about":[{"href":"https:\/\/www.logisticsinwallonia.be\/en\/wp-json\/wp\/v2\/types\/post"}],"author":[{"embeddable":true,"href":"https:\/\/www.logisticsinwallonia.be\/en\/wp-json\/wp\/v2\/users\/1"}],"replies":[{"embeddable":true,"href":"https:\/\/www.logisticsinwallonia.be\/en\/wp-json\/wp\/v2\/comments?post=9442"}],"version-history":[{"count":0,"href":"https:\/\/www.logisticsinwallonia.be\/en\/wp-json\/wp\/v2\/posts\/9442\/revisions"}],"wp:attachment":[{"href":"https:\/\/www.logisticsinwallonia.be\/en\/wp-json\/wp\/v2\/media?parent=9442"}],"wp:term":[{"taxonomy":"category","embeddable":true,"href":"https:\/\/www.logisticsinwallonia.be\/en\/wp-json\/wp\/v2\/categories?post=9442"}],"curies":[{"name":"wp","href":"https:\/\/api.w.org\/{rel}","templated":true}]}}