{"id":9489,"date":"2020-09-30T13:08:10","date_gmt":"2020-09-30T12:08:10","guid":{"rendered":"https:\/\/logisticsinwallonia-2023.staging03.globulebleu.com\/actualites\/32eme-appel-projets-dinnovation\/"},"modified":"2020-09-30T13:08:10","modified_gmt":"2020-09-30T12:08:10","slug":"32eme-appel-projets-dinnovation","status":"publish","type":"post","link":"https:\/\/www.logisticsinwallonia.be\/en\/actualites\/32eme-appel-projets-dinnovation\/","title":{"rendered":"32\u00e8me appel \u00e0 projets d&#8217;innovation"},"content":{"rendered":"<p><strong>C&#8217;est parti pour le 32<sup>\u00e8me<\/sup> appel \u00e0 projets du p\u00f4le Logistics in Wallonia<\/strong><\/p>\n<p><strong>Vous voulez d\u00e9velopper une innovation dans 1 des 4 domaines d&#8217;activit\u00e9s suivants ?<br \/>\nVous disposez de nouvelles technologies \u00e0 appliquer \u00e0 ces domaines?<br \/>\nVous avez tout simplement une id\u00e9e innovante en la mati\u00e8re ?<\/strong><\/p>\n<p>\u2666 Logistique et mobilit\u00e9 durables<br \/>\n\u2666 Moyens de transport intelligents et efficaces<br \/>\n\u2666 Infrastructures et syst\u00e8mes de transport intelligents<br \/>\n\u2666 Processus logistiques et de production efficaces<\/p>\n<p><strong>Vous \u00eates une entreprise, un laboratoire universitaire ou un centre de recherche ? Ne restez pas seul \u00e0 y r\u00e9fl\u00e9chir et passez dans une dimension collaborative avec le p\u00f4le Logistics in Wallonia.<\/strong><\/p>\n<p>Nous vous aidons \u00e0 <strong>structurer votre projet <\/strong>et \u00e0 <strong>trouver les bons partenaires. <\/strong>Nous vous assistons dans la <strong>r\u00e9alisation d\u2019une \u00e9tude de march\u00e9<\/strong>&#8230; Nous <strong>identifions<\/strong> avec vous le <strong>financement<\/strong> ad\u00e9quat.<\/p>\n<p>Bref, nous vous <strong>accompagnons<\/strong> d\u00e8s le d\u00e9but du processus.<\/p>\n<p><strong><u>Pensez-y !<\/u><\/strong><\/p>\n<p>Gr\u00e2ce aux projets collaboratifs du p\u00f4le, la R&#038;D s&#8217;invite dans les entreprises ayant des activit\u00e9s de transport et logistique afin qu&#8217;elles puissent rester <strong>comp\u00e9titives<\/strong>.<\/p>\n<p><strong>Vous souhaitez d\u00e9poser un projet ?<\/strong><\/p>\n<p>Envoyez votre lettre d&#8217;intention pour le <strong>19 octobre 2020<\/strong> \u00e0 Patricia MEXHER <u>(<a href=\"mailto:projets@logisticsinwallonia.be\">projets@logisticsinwallonia.be<\/a>)<\/u><\/p>\n<p><a href=\"https:\/\/www.logisticsinwallonia.be\/sites\/default\/files\/AAP_Poles_Recherche_-_Lettre_dintention.doc\" target=\"_blank\" rel=\"noopener\">T\u00e9l\u00e9charger la lettre d&#8217;intention<\/a><\/p>\n<p><a class=\"btn\" href=\"https:\/\/www.logisticsinwallonia.be\/fr\/projets-dinnovation\" target=\"_blank\" rel=\"noopener\">Comment d\u00e9poser un projet ?<\/a><\/p>\n<p><strong>Dates cl\u00e9s du prochain appel \u00e0 projets du P\u00f4le<\/strong><\/p>\n<p><img decoding=\"async\" alt=\"32\" data-entity-type=\"file\" data-entity-uuid=\"5d3e425f-eea0-47e9-8636-8faa36a5fece\" src=\"https:\/\/www.logisticsinwallonia.be\/sites\/default\/files\/inline-images\/32.PNG\" \/><\/p>\n","protected":false},"excerpt":{"rendered":"<p>C&#8217;est parti pour le 32\u00e8me appel \u00e0 projets du p\u00f4le Logistics in Wallonia Vous voulez d\u00e9velopper une innovation dans 1 [&hellip;]<\/p>\n","protected":false},"author":1,"featured_media":0,"comment_status":"closed","ping_status":"closed","sticky":false,"template":"","format":"standard","meta":{"_acf_changed":false,"footnotes":""},"categories":[149],"class_list":["post-9489","post","type-post","status-publish","format-standard","hentry","category-non-classifiee-2"],"acf":[],"_links":{"self":[{"href":"https:\/\/www.logisticsinwallonia.be\/en\/wp-json\/wp\/v2\/posts\/9489","targetHints":{"allow":["GET"]}}],"collection":[{"href":"https:\/\/www.logisticsinwallonia.be\/en\/wp-json\/wp\/v2\/posts"}],"about":[{"href":"https:\/\/www.logisticsinwallonia.be\/en\/wp-json\/wp\/v2\/types\/post"}],"author":[{"embeddable":true,"href":"https:\/\/www.logisticsinwallonia.be\/en\/wp-json\/wp\/v2\/users\/1"}],"replies":[{"embeddable":true,"href":"https:\/\/www.logisticsinwallonia.be\/en\/wp-json\/wp\/v2\/comments?post=9489"}],"version-history":[{"count":0,"href":"https:\/\/www.logisticsinwallonia.be\/en\/wp-json\/wp\/v2\/posts\/9489\/revisions"}],"wp:attachment":[{"href":"https:\/\/www.logisticsinwallonia.be\/en\/wp-json\/wp\/v2\/media?parent=9489"}],"wp:term":[{"taxonomy":"category","embeddable":true,"href":"https:\/\/www.logisticsinwallonia.be\/en\/wp-json\/wp\/v2\/categories?post=9489"}],"curies":[{"name":"wp","href":"https:\/\/api.w.org\/{rel}","templated":true}]}}