{"id":9512,"date":"2020-06-18T13:18:26","date_gmt":"2020-06-18T12:18:26","guid":{"rendered":"https:\/\/logisticsinwallonia-2023.staging03.globulebleu.com\/actualites\/en-route-vers-laventure-la-campagne-de-communication-du-fonds-social-transport-et-logistique\/"},"modified":"2020-06-18T13:18:26","modified_gmt":"2020-06-18T12:18:26","slug":"en-route-vers-laventure-la-campagne-de-communication-du-fonds-social-transport-et-logistique","status":"publish","type":"post","link":"https:\/\/www.logisticsinwallonia.be\/en\/actualites\/en-route-vers-laventure-la-campagne-de-communication-du-fonds-social-transport-et-logistique\/","title":{"rendered":"En route vers l&#8217;aventure: La campagne de communication du Fonds Social Transport et Logistique pour recruter 5.000 nouveaux chauffeurs poids lourds"},"content":{"rendered":"<div style=\"width: 740px; padding-top:10px; padding-bottom:10px;border: 3px solid #eaab00; text-align: center;background: #eaab00;\"><span style=\"font-size:16px;\"><span style=\"color:#FFFFFF;\"><strong>Les conducteurs de poids lourds figurent depuis de nombreuses ann\u00e9es dans le top 10 des m\u00e9tiers en p\u00e9nurie en Belgique.\u200b<\/strong><\/span><\/span><\/div>\n<p class=\"rtecenter\">\n<p>Face \u00e0 cette situation, <strong>Le Fonds Social Transport et Logistique<\/strong> lance une campagne de recrutement &#8220;<a href=\"https:\/\/enrouteverslaventure.be\/\" target=\"_blank\" rel=\"noopener\">En route vers l&#8217;aventure<\/a>&#8220;.<br \/>\n<span style=\"color:#eaab00;\"><strong>Son objectif<\/strong><\/span>: <strong>recruter 5.000 nouveaux chauffeurs poids lourds pour le secteur du transport.<\/strong><\/p>\n<p>Le Fonds Social Transport et Logistique propose un <strong><a href=\"https:\/\/enrouteverslaventure.be\/quelle-aventure-est-faite-pour-toi\/\" target=\"_blank\" rel=\"noopener\">questionnaire<\/a><\/strong> permettant de <strong>d\u00e9couvrir <\/strong>en quelques questions <strong>le type de parcours qui conviendra <\/strong>le mieux aux futurs chauffeurs. Sur le site, est \u00e9galement disponible des <strong><a href=\"https:\/\/enrouteverslaventure.be\/ils-sont-deja-partis-a-lavanture\/\" target=\"_blank\" rel=\"noopener\">t\u00e9moignages <\/a>de chauffeurs \u00e9voquant leur m\u00e9tier avec passion<\/strong>. <\/p>\n<p><span style=\"color:#eaab00;\"><strong><span style=\"font-size:16px;\">N&#8217;h\u00e9sitez pas \u00e0 partager la campagne dans vos r\u00e9seaux.<\/span><\/strong><\/span><br \/>\n<span style=\"font-size:14px;\"><strong>\u25ba Toutes les informations concernant la campagne, <a href=\"https:\/\/enrouteverslaventure.be\/demarre-ton-avonture\/\" target=\"_blank\" rel=\"noopener\">ici<\/a><a href=\"http:\/\/enrouteverslaventure.be\/\" target=\"_blank\" rel=\"noopener\"> <\/a><\/strong><\/span><\/p>\n","protected":false},"excerpt":{"rendered":"<p>Les conducteurs de poids lourds figurent depuis de nombreuses ann\u00e9es dans le top 10 des m\u00e9tiers en p\u00e9nurie en Belgique.\u200b [&hellip;]<\/p>\n","protected":false},"author":1,"featured_media":9513,"comment_status":"closed","ping_status":"closed","sticky":false,"template":"","format":"standard","meta":{"_acf_changed":false,"footnotes":""},"categories":[149],"class_list":["post-9512","post","type-post","status-publish","format-standard","has-post-thumbnail","hentry","category-non-classifiee-2"],"acf":[],"_links":{"self":[{"href":"https:\/\/www.logisticsinwallonia.be\/en\/wp-json\/wp\/v2\/posts\/9512","targetHints":{"allow":["GET"]}}],"collection":[{"href":"https:\/\/www.logisticsinwallonia.be\/en\/wp-json\/wp\/v2\/posts"}],"about":[{"href":"https:\/\/www.logisticsinwallonia.be\/en\/wp-json\/wp\/v2\/types\/post"}],"author":[{"embeddable":true,"href":"https:\/\/www.logisticsinwallonia.be\/en\/wp-json\/wp\/v2\/users\/1"}],"replies":[{"embeddable":true,"href":"https:\/\/www.logisticsinwallonia.be\/en\/wp-json\/wp\/v2\/comments?post=9512"}],"version-history":[{"count":0,"href":"https:\/\/www.logisticsinwallonia.be\/en\/wp-json\/wp\/v2\/posts\/9512\/revisions"}],"wp:featuredmedia":[{"embeddable":true,"href":"https:\/\/www.logisticsinwallonia.be\/en\/wp-json\/wp\/v2\/media\/9513"}],"wp:attachment":[{"href":"https:\/\/www.logisticsinwallonia.be\/en\/wp-json\/wp\/v2\/media?parent=9512"}],"wp:term":[{"taxonomy":"category","embeddable":true,"href":"https:\/\/www.logisticsinwallonia.be\/en\/wp-json\/wp\/v2\/categories?post=9512"}],"curies":[{"name":"wp","href":"https:\/\/api.w.org\/{rel}","templated":true}]}}