{"id":9557,"date":"2019-06-05T14:30:47","date_gmt":"2019-06-05T13:30:47","guid":{"rendered":"https:\/\/logisticsinwallonia-2023.staging03.globulebleu.com\/actualites\/logistics-wallonia-tient-son-assemblee-generale-loccasion-de-best-wallonia-et-presente-sa\/"},"modified":"2019-06-05T14:30:47","modified_gmt":"2019-06-05T13:30:47","slug":"logistics-wallonia-tient-son-assemblee-generale-loccasion-de-best-wallonia-et-presente-sa","status":"publish","type":"post","link":"https:\/\/www.logisticsinwallonia.be\/en\/actualites\/logistics-wallonia-tient-son-assemblee-generale-loccasion-de-best-wallonia-et-presente-sa\/","title":{"rendered":"Logistics in Wallonia tient son Assembl\u00e9e G\u00e9n\u00e9rale \u00e0 l\u2019occasion de \u00ab Best of Wallonia \u00bb et pr\u00e9sente sa nouvelle strat\u00e9gie \u00ab Logistique et Mobilit\u00e9 Durables 2030 \u00bb"},"content":{"rendered":"<p><strong>Ce 28 mai \u00e0 Namur a \u00e9t\u00e9 organis\u00e9e la premi\u00e8re \u00e9dition d\u2019un nouvel \u00e9v\u00e9nement \u00ab Best of Wallonia \u00bb. Organis\u00e9 conjointement par Easyfairs et Transportmedia, cet \u00e9v\u00e9nement a pour vocation de montrer ce que la Wallonie a de mieux \u00e0 offrir en mati\u00e8re de transport et de logistique.<\/strong><\/p>\n<p><strong>Logistics in Wallonia s\u2019est associ\u00e9 \u00e0 cette premi\u00e8re et a saisi l\u2019occasion pour pr\u00e9senter sa nouvelle strat\u00e9gie intitul\u00e9e \u00ab Logistique et Mobilit\u00e9 Durables 2030 \u00bb.<\/strong><\/p>\n<p><strong>Best of Wallonia<\/strong><\/p>\n<p>Ce nouvel \u00e9v\u00e9nement a vu le jour de par la volont\u00e9 conjointe de Easyfairs et de Transportmedia de donner une suite au salon \u00ab Transport et Logistique \u00bb de Li\u00e8ge qui a connu trois \u00e9ditions en 2013, 2015 et 2017. En une journ\u00e9e, les organisateurs ont concoct\u00e9 un programme riche incluant une exposition avec une cinquantaine d\u2019exposants, un jobday et un programme riche de conf\u00e9rences incluant notamment un \u00ab Keynote \u00bb de Jean-Jacques Cloquet interview\u00e9 par Christophe Deborsu ainsi qu\u2019une conf\u00e9rence sur les investissements logistiques venant de Chine, en collaboration avec l\u2019AWEX.<\/p>\n<p><img decoding=\"async\" alt=\"\" src=\"https:\/\/www.logisticsinwallonia.be\/sites\/default\/files\/files\/ma22_20190528_logisticsinwallonia-8405.jpg\" style=\"width: 600px; height: 400px;\" \/><\/p>\n<p>Logistics in Wallonia ne pouvant manquer cette occasion et s\u2019est associ\u00e9 \u00e0 cette belle action de promotion en y organisant son Assembl\u00e9e G\u00e9n\u00e9rale annuelle.<\/p>\n<p><strong>Bilan 2018<\/strong><\/p>\n<p>L\u2019ann\u00e9e 2018 a \u00e9t\u00e9 une ann\u00e9e riche pour la logistique en Wallonie ainsi que pour le p\u00f4le. Outre l\u2019accession \u00e0 la pr\u00e9sidence de Sophie Houtmeyers (Skechers EDC), relevons les \u00e9l\u00e9ments principaux suivants :<\/p>\n<ul>\n<li>Une <strong>forte redynamisation du processus d\u2019innovation<\/strong> concr\u00e9tis\u00e9e par le d\u00e9p\u00f4t de <strong>trois nouveaux projets<\/strong> (Delto-Pull, EterniTrace et Vegeta) \u00e0 l\u2019appel \u00e0 projets de d\u00e9cembre. Ces projets ont \u00e9t\u00e9 labellis\u00e9s au tout d\u00e9but de l\u2019ann\u00e9e 2019,<\/li>\n<li>La mise en \u0153uvre de la <strong>nouvelle plate-forme \u00ab CPSET \u00bb portant sur les syst\u00e8mes cyber-physiques<\/strong> con\u00e7ue par Alstom, AW Europe, Sonaca et Thal\u00e8s avec le concours du CETIC et du CENAERO et le soutien de trois p\u00f4les : LiW, Mecatech et Skywin,<\/li>\n<li>L\u2019adh\u00e9sion de <strong>42 nouveaux membres <\/strong>ce qui porte le nombre total de membres \u00e0 346, un doublement depuis 2007,<\/li>\n<li>L\u2019organisation d\u2019une <strong>vingtaine d\u2019\u00e9v\u00e9nements ayant rassembl\u00e9 au total pr\u00e8s de 900 participants <\/strong>et notamment des workshops \u00ab innovation \u00bb s\u2019inscrivant dans un \u00ab Mois de l\u2019Innovation \u00bb qui s\u2019est conclu par la 8\u00e8me \u00e9dition de notre Innovation Pitch,<\/li>\n<li><strong>L\u2019analyse de 2.853 offres d\u2019emploi<\/strong> (record absolu depuis le d\u00e9but de cette analyse !) et la concr\u00e9tisation de nouvelles initiatives sur le terrain de l\u2019emploi, de la formation et de l\u2019enseignement,<\/li>\n<li>Un red\u00e9marrage solide du programme <strong>Lean &#038; Green<\/strong> avec cinq nouvelles entreprises ayant obtenu le label, quatre entreprises ayant obtenu la Star Lean &#038; Green et huit entreprises engag\u00e9es dans la d\u00e9marche. Par ailleurs, il faut noter que, \u00e0 l\u2019occasion de cette Assembl\u00e9e G\u00e9n\u00e9rale, <strong>quatre nouvelles entreprises se sont vu d\u00e9cerner la \u00ab Star Lean &#038; Green \u00bb<\/strong> qui atteste l\u2019atteinte de l\u2019objectif de r\u00e9duction de 20% des \u00e9missions de CO2 : Fockedey, Skechers, Spadel et Sudfresh,<\/li>\n<li><strong>L\u2019\u00e9tablissement de huit entreprises chinoises <\/strong>dans l\u2019\u00e9cosyst\u00e8me de l\u2019a\u00e9roport de Li\u00e8ge gr\u00e2ce \u00e0 l\u2019action du \u00ab <strong>EU-China Logistics Incubator <\/strong>\u00bb conjointement mis en \u0153uvre par LiW, l\u2019AWEX et Liege Airport,<\/li>\n<li>Ce m\u00eame incubateur a par ailleurs jou\u00e9 un r\u00f4le majeur dans la concr\u00e9tisation de la <strong>future arriv\u00e9e de Alibaba \/ Cainiao en Wallonie<\/strong> ainsi que dans le d\u00e9marrage de la <strong>premi\u00e8re liaison ferroviaire entre Li\u00e8ge et Zhengzhou<\/strong> (dans la province du Henan).<\/li>\n<\/ul>\n<p>\nPour Bernard Piette, Directeur G\u00e9n\u00e9ral du P\u00f4le, ces r\u00e9sultats ne sont pas le fruit du hasard : \u00ab En effet ; le p\u00f4le s\u2019est profond\u00e9ment r\u00e9organis\u00e9 au cours de ces derni\u00e8res ann\u00e9es. Nous avons r\u00e9ussi \u00e0 attirer de nouvelles comp\u00e9tences au sein de notre \u00e9quipe. Ceci se marque directement dans l\u2019apport de nouvelles m\u00e9thodes de travail et un plus grand syst\u00e9matisme dans le suivi aux porteurs de projets. Le projet Delto-Pull, labellis\u00e9 sans conditions au d\u00e9but de cette ann\u00e9e est, \u00e0 ce titre un bel exemple o\u00f9 l\u2019\u00e9quipe du p\u00f4le est parvenu \u00e0 accompagner le porteur pour l\u2019amener \u00e0 la r\u00e9ussite. Une enqu\u00eate aupr\u00e8s de quelques porteurs rencontr\u00e9s au cours de cette ann\u00e9e nous a d\u2019ailleurs donn\u00e9 un feedback enthousiaste sur la qualit\u00e9 de l\u2019accompagnement qui est dor\u00e9navant offert par le p\u00f4le. Tout ceci est \u00e9galement le r\u00e9sultat d\u2019un beau travail d\u2019\u00e9quipe ! \u00bb.<\/p>\n<p><strong>Logistics et Mobilit\u00e9 Durables 2030<\/strong><\/p>\n<p>Cette Assembl\u00e9e G\u00e9n\u00e9rale a aussi \u00e9t\u00e9 l\u2019occasion pour le p\u00f4le de pr\u00e9senter sa nouvelle strat\u00e9gie appel\u00e9e \u00ab <strong>Logistics et Mobilit\u00e9 Durables 2030<\/strong> \u00bb. Cette strat\u00e9gie \u00e9tablie en collaboration avec le Cabinet du Ministre Pierre-Yves Jeholet et par l\u2019Agence du Num\u00e9rique a notamment pour objectif de permettre aux entreprises d\u2019apporter leur contribution \u00e0 la r\u00e9alisation des objectifs de r\u00e9duction de l\u2019empreinte environnementale de la COP21.<\/p>\n<p>Afin de la rendre la plus concr\u00e8te possible, cette strat\u00e9gie s\u2019articule autour d\u2019un volet strat\u00e9gique et de trois volets op\u00e9rationnels :<\/p>\n<ul>\n<li>Une <strong>r\u00e9flexion strat\u00e9gique sur le d\u00e9veloppement de la logistique<\/strong> en Wallonie afin d\u2019identifier pr\u00e9cis\u00e9ment et concr\u00e8tement les conditions de succ\u00e8s de la mise en \u0153uvre d\u2019une mobilit\u00e9 plus durable. Ce travail a notamment \u00e9t\u00e9 r\u00e9alis\u00e9 par un comit\u00e9 d\u2019experts pr\u00e9sid\u00e9 par Yvon Loyaerts, ancien directeur g\u00e9n\u00e9ral de la DGO2,<\/li>\n<li>La<strong> r\u00e9alisation de diagnostics logistiques appel\u00e9s \u00ab Diagnostics 360 \u00bb <\/strong>qui porte sur l\u2019optimisation des processus logistiques ainsi que sur la <strong>maturit\u00e9 num\u00e9rique<\/strong> ;<\/li>\n<li>Un soutien accru \u00e0 la mise en \u0153uvre du programme <strong>\u00ab Lean &#038; Green \u00bb <\/strong>afin de diminuer l\u2019impact CO2 des activit\u00e9s logistiques des entreprises industrielles ou de transport,<\/li>\n<li>La mise en \u0153uvre d\u2019<strong>un nouveau programme appel\u00e9 \u00ab MultiModalWallonia \u00bb <\/strong>pour accompagner les entreprises vers une meilleure utilisation des diff\u00e9rents modes de transport et notamment du transport fluvial ou ferroviaire.\n\t <\/li>\n<\/ul>\n<p>Ces diff\u00e9rents dispositifs sont bien \u00e9videmment int\u00e9gr\u00e9s \u00e0 l\u2019offre compl\u00e8te du p\u00f4le en mati\u00e8re notamment d\u2019innovation et de formation.<\/p>\n<p><strong>Conseil d\u2019Administration<\/strong><\/p>\n<p>Notons enfin que, au niveau du Conseil d\u2019Administration du p\u00f4le, Yves Crama repr\u00e9sentant de l\u2019ULi\u00e8ge c\u00e8de sa place de vice-pr\u00e9sident du p\u00f4le \u00e0 Sabine Limbourg, professeur de transport et de logistique \u00e0 HEC Li\u00e8ge. Ainsi, il nous pla\u00eet de souligner que Logistics in Wallonia est le premier p\u00f4le wallon dont la pr\u00e9sidence et la vice-pr\u00e9sidence sont assur\u00e9es simultan\u00e9ment par des femmes. Le CA accueille \u00e9galement en son sein comme nouveaux membres, Diane Govaerts, la CEO de groupe Ziegler et Philippe Laboulle, secr\u00e9taire g\u00e9n\u00e9ral de NRB.<\/p>\n<p><a href=\"https:\/\/www.logisticsinwallonia.be\/sites\/default\/files\/files\/19962-lw-rapport_annuel_2018_-_complet.pdf\" target=\"_blank\" rel=\"noopener\"><strong>Consultez ICI notre Rapport Annuel 2018<\/strong><\/a><\/p>\n<p> <a href=\"https:\/\/www.logisticsinwallonia.be\/sites\/default\/files\/files\/19962-lw-rapport_annuel_2018_-_complet_0.pdf\" target=\"_blank\" rel=\"noopener\"><img decoding=\"async\" alt=\"\" src=\"https:\/\/www.logisticsinwallonia.be\/sites\/default\/files\/files\/ma22_20190528_logisticsinwallonia-8021.jpg\" style=\"width: 500px; height: 333px;\" \/><\/a>\n <\/p>\n<p><strong>Consultez les photos de l&#8217;Assembl\u00e9e G\u00e9n\u00e9rale sur notre page Facebook.<\/strong><\/p>\n<p><a href=\"https:\/\/www.facebook.com\/pg\/logisticsinwallonia\/photos\/?tab=album&#038;album_id=2316816761900451\" target=\"_blank\" rel=\"noopener\">>>> Cliquez ICI<\/a><\/p>\n","protected":false},"excerpt":{"rendered":"<p>Ce 28 mai \u00e0 Namur a \u00e9t\u00e9 organis\u00e9e la premi\u00e8re \u00e9dition d\u2019un nouvel \u00e9v\u00e9nement \u00ab Best of Wallonia \u00bb. Organis\u00e9 [&hellip;]<\/p>\n","protected":false},"author":1,"featured_media":0,"comment_status":"closed","ping_status":"closed","sticky":false,"template":"","format":"standard","meta":{"_acf_changed":false,"footnotes":""},"categories":[149],"class_list":["post-9557","post","type-post","status-publish","format-standard","hentry","category-non-classifiee-2"],"acf":[],"_links":{"self":[{"href":"https:\/\/www.logisticsinwallonia.be\/en\/wp-json\/wp\/v2\/posts\/9557","targetHints":{"allow":["GET"]}}],"collection":[{"href":"https:\/\/www.logisticsinwallonia.be\/en\/wp-json\/wp\/v2\/posts"}],"about":[{"href":"https:\/\/www.logisticsinwallonia.be\/en\/wp-json\/wp\/v2\/types\/post"}],"author":[{"embeddable":true,"href":"https:\/\/www.logisticsinwallonia.be\/en\/wp-json\/wp\/v2\/users\/1"}],"replies":[{"embeddable":true,"href":"https:\/\/www.logisticsinwallonia.be\/en\/wp-json\/wp\/v2\/comments?post=9557"}],"version-history":[{"count":0,"href":"https:\/\/www.logisticsinwallonia.be\/en\/wp-json\/wp\/v2\/posts\/9557\/revisions"}],"wp:attachment":[{"href":"https:\/\/www.logisticsinwallonia.be\/en\/wp-json\/wp\/v2\/media?parent=9557"}],"wp:term":[{"taxonomy":"category","embeddable":true,"href":"https:\/\/www.logisticsinwallonia.be\/en\/wp-json\/wp\/v2\/categories?post=9557"}],"curies":[{"name":"wp","href":"https:\/\/api.w.org\/{rel}","templated":true}]}}