{"id":9566,"date":"2019-03-22T15:28:45","date_gmt":"2019-03-22T14:28:45","guid":{"rendered":"https:\/\/logisticsinwallonia-2023.staging03.globulebleu.com\/actualites\/accompagnement-des-transporteurs-dans-la-transition-energetique-octroi-dune-prime\/"},"modified":"2019-03-22T15:28:45","modified_gmt":"2019-03-22T14:28:45","slug":"accompagnement-des-transporteurs-dans-la-transition-energetique-octroi-dune-prime","status":"publish","type":"post","link":"https:\/\/www.logisticsinwallonia.be\/en\/actualites\/accompagnement-des-transporteurs-dans-la-transition-energetique-octroi-dune-prime\/","title":{"rendered":"Accompagnement des transporteurs dans la transition \u00e9nerg\u00e9tique : Octroi d\u2019une prime \u00e0 l\u2019investissement"},"content":{"rendered":"<p>Ce jeudi 14 mars, le Gouvernement wallon, sur proposition du Ministre de l\u2019Economie et de l\u2019Industrie Pierre-Yves Jeholet, a approuv\u00e9 en troisi\u00e8me lecture le projet d\u2019arr\u00eat\u00e9 relatif aux incitants destin\u00e9s \u00e0 favoriser la protection de l\u2019environnement et l\u2019utilisation durable de l\u2019\u00e9nergie dans le cadre du suivi de la COP 21.<\/p>\n<p>\u00ab Les transporteurs sont tout sp\u00e9cialement vis\u00e9s par cette mesure, qui, via l\u2019octroi d\u2019une prime \u00e0 l\u2019investissement se verront soutenus dans l\u2019achat de camions motoris\u00e9s au gaz LNG-CNG (ou dans la transformation de la motorisation des camions existants). L\u2019\u00e9quipements au gaz a ceci pour avantages qu\u2019il permet de diminuer l\u2019emprunte climatique du secteur, de r\u00e9duire les co\u00fbts du transport et donc de rendre nos entreprises plus comp\u00e9titives, notamment vis-\u00e0-vis des pays voisins qui m\u00e8ne d\u2019ores et d\u00e9j\u00e0 une politique volontariste en la mati\u00e8re. Il s\u2019agit l\u00e0 de l\u2019aboutissement d\u2019une concertation men\u00e9e avec les acteurs concern\u00e9s \u00bb a expliqu\u00e9 le Ministre Pierre-Yves Jeholet.<\/p>\n<p>Cette prime pourra s\u2019\u00e9lever \u00e0 24.000 euros\/camion avec un maximum de 30 \u00e9quipements et sera test\u00e9e durant trois ans. Au total, quelque 2,5 millions d\u2019euros seront mobilis\u00e9s en 2019 \u00e0 cet effet.<\/p>\n<p>Elle s\u2019inscrit dans le cadre des mesures d\u2019accompagnement au pr\u00e9l\u00e8vement kilom\u00e9trique, pr\u00e9sent\u00e9es par le Ministre au mois de novembre dernier. A cette occasion, il a notamment fait part de sa d\u00e9cision d\u2019assigner des r\u00f4les pr\u00e9cis tant au p\u00f4le Logistics in Wallonia qu\u2019\u00e0 l\u2019IWEPS, afin de favoriser la transition vers une mobilit\u00e9 plus verte.<\/p>\n<p>Depuis le d\u00e9but de la l\u00e9gislature, le Ministre a pris plusieurs mesures pour am\u00e9liorer la comp\u00e9titivit\u00e9 de nos entreprises face aux d\u00e9fis \u00e9nerg\u00e9tiques, en les aidant notamment \u00e0 prendre en charge les surco\u00fbts inh\u00e9rents. En effet, le Gouvernement wallon s\u2019est engag\u00e9 \u00e0 prendre des mesures qui r\u00e9pondent \u00e0 la fois aux obligations environnementales et \u00e0 la n\u00e9cessit\u00e9 de soutenir l\u2019activit\u00e9 \u00e9conomique.<\/p>\n<p>Parmi celles-ci, Carbon Leakage, dont la mise en application a \u00e9t\u00e9 annonc\u00e9e au mois d\u2019avril dernier par le Ministre. Elle a pour objectif de relancer la comp\u00e9titivit\u00e9 des industries wallonnes qui doivent faire face aux surco\u00fbts li\u00e9s \u00e0 l\u2019\u00e9nergie et par cons\u00e9quent \u00e0 la concurrence des entreprises \u00e9trang\u00e8res qui font le choix de se d\u00e9localiser pour \u00e9chapper aux r\u00e8gles europ\u00e9ennes en mati\u00e8re environnementale.<\/p>\n","protected":false},"excerpt":{"rendered":"<p>Ce jeudi 14 mars, le Gouvernement wallon, sur proposition du Ministre de l\u2019Economie et de l\u2019Industrie Pierre-Yves Jeholet, a approuv\u00e9 [&hellip;]<\/p>\n","protected":false},"author":1,"featured_media":0,"comment_status":"closed","ping_status":"closed","sticky":false,"template":"","format":"standard","meta":{"_acf_changed":false,"footnotes":""},"categories":[149],"class_list":["post-9566","post","type-post","status-publish","format-standard","hentry","category-non-classifiee-2"],"acf":[],"_links":{"self":[{"href":"https:\/\/www.logisticsinwallonia.be\/en\/wp-json\/wp\/v2\/posts\/9566","targetHints":{"allow":["GET"]}}],"collection":[{"href":"https:\/\/www.logisticsinwallonia.be\/en\/wp-json\/wp\/v2\/posts"}],"about":[{"href":"https:\/\/www.logisticsinwallonia.be\/en\/wp-json\/wp\/v2\/types\/post"}],"author":[{"embeddable":true,"href":"https:\/\/www.logisticsinwallonia.be\/en\/wp-json\/wp\/v2\/users\/1"}],"replies":[{"embeddable":true,"href":"https:\/\/www.logisticsinwallonia.be\/en\/wp-json\/wp\/v2\/comments?post=9566"}],"version-history":[{"count":0,"href":"https:\/\/www.logisticsinwallonia.be\/en\/wp-json\/wp\/v2\/posts\/9566\/revisions"}],"wp:attachment":[{"href":"https:\/\/www.logisticsinwallonia.be\/en\/wp-json\/wp\/v2\/media?parent=9566"}],"wp:term":[{"taxonomy":"category","embeddable":true,"href":"https:\/\/www.logisticsinwallonia.be\/en\/wp-json\/wp\/v2\/categories?post=9566"}],"curies":[{"name":"wp","href":"https:\/\/api.w.org\/{rel}","templated":true}]}}