{"id":9623,"date":"2018-07-02T12:30:24","date_gmt":"2018-07-02T11:30:24","guid":{"rendered":"https:\/\/logisticsinwallonia-2023.staging03.globulebleu.com\/actualites\/financer-un-demonstrateur-grace-au-programme-coopilot-de-la-region-wallonne\/"},"modified":"2018-07-02T12:30:24","modified_gmt":"2018-07-02T11:30:24","slug":"financer-un-demonstrateur-grace-au-programme-coopilot-de-la-region-wallonne","status":"publish","type":"post","link":"https:\/\/www.logisticsinwallonia.be\/en\/actualites\/financer-un-demonstrateur-grace-au-programme-coopilot-de-la-region-wallonne\/","title":{"rendered":"FINANCER UN D\u00c9MONSTRATEUR GR\u00c2CE AU PROGRAMME COOPILOT DE LA R\u00c9GION WALLONNE!"},"content":{"rendered":"<p><strong>Dans le cadre du <a href=\"https:\/\/recherche-technologie.wallonie.be\/fr\/annonces\/a-la-une\/lancement-du-programme-coopilot.html\" target=\"_blank\" rel=\"noopener\">programme COOPILOT<\/a>, deux appels \u00e0 projets sont ouverts pour l&#8217;ann\u00e9e 2018.<\/strong><\/p>\n<p>Les p\u00f4les de comp\u00e9titivit\u00e9 auront un r\u00f4le important dans la s\u00e9lection des projets.<br \/>\nLe projet doit s\u2019inscrire dans les domaines d\u2019activit\u00e9s de la strat\u00e9gie intelligente de la Wallonie et dans les axes strat\u00e9giques de d\u00e9veloppement des p\u00f4les de comp\u00e9titivit\u00e9.<\/p>\n<p><strong>Description<\/strong><\/p>\n<p>Cet appel \u00e0 projets s\u2019inscrit dans le cadre de la mesure 2.3.2 : <strong>\u00ab Soutien au financement de d\u00e9monstrateurs ou unit\u00e9s pilotes \u00bb <\/strong>du Programme op\u00e9rationnel FEDER \u00ab Wallonie-2020.EU \u00bb. L\u2019appel \u00e0 propositions COOPILOT vise \u00e0 cofinancer des unit\u00e9s pilotes ou des d\u00e9monstrateurs et \u00e0 d\u00e9ployer leur technologie \u00e0 l\u2019\u00e9chelle de production industrielle, via des projets de d\u00e9veloppement exp\u00e9rimental men\u00e9s <strong>en collaboration avec plusieurs entreprises (dont au moins une PME).<\/strong><\/p>\n<p><strong>Partenariat industriel<\/strong><\/p>\n<p>Appel uniquement r\u00e9serv\u00e9 \u00e0 un consortium d\u2019entreprises (au moins deux entreprises).<br \/>\nAu moins une petite ou moyenne entreprise (PME).<\/p>\n<p><strong>Type de recherche<\/strong><\/p>\n<p>Exclusivement du d\u00e9veloppement exp\u00e9rimental<\/p>\n<p><strong>Objectifs<\/strong><\/p>\n<ul>\n<li>Mise au point d\u2019un d\u00e9monstrateur ou unit\u00e9 pilote \u00e0 l\u2019\u00e9chelle 1:1 ;<\/li>\n<li>R\u00e9alisation d\u2019une recherche (en d\u00e9veloppement exp\u00e9rimental), sur base du nouveau d\u00e9monstrateur ou unit\u00e9 pilote, qui permettra aux partenaires industriels de d\u00e9velopper un nouveau produit, proc\u00e9d\u00e9 ou service r\u00e9pondant \u00e0 une demande du march\u00e9 ;<\/li>\n<li>Renforcement des logiques de partenariats interdisciplinaires, particuli\u00e8rement au sein du monde des entreprises.<\/li>\n<\/ul>\n<p>\n<strong>Dur\u00e9e<\/strong><\/p>\n<p>Maximum 3 ans<\/p>\n<p><strong>Modalit\u00e9s de financement<\/strong><\/p>\n<p>Uniquement sous la forme de subventions :<\/p>\n<ul>\n<li>40 % pour les grandes entreprises ;<\/li>\n<li>50 % pour les moyennes entreprises ;<\/li>\n<li>60 % pour les petites entreprises.<\/li>\n<\/ul>\n<p>\n<strong>Budget pr\u00e9visionnel<\/strong><\/p>\n<p>50.000.000 \u20ac<\/p>\n<p><strong>Calendrier<\/strong><\/p>\n<p><u>1er appel<\/u><br \/>\n&#8211; Mai 2018 : Ouverture de l\u2019appel<br \/>\n&#8211; 10 septembre 2018 : Cl\u00f4ture des soumissions des propositions d\u00e9taill\u00e9es<\/p>\n<p><u>2\u00e8me appel<\/u><br \/>\n&#8211; Septembre 2018 : Ouverture de l\u2019appel<br \/>\n&#8211; D\u00e9cembre 2018 : Cl\u00f4ture des soumissions des propositions d\u00e9taill\u00e9es<\/p>\n<p><strong>Pour toute information compl\u00e9mentaire, n&#8217;h\u00e9sitez pas \u00e0 consulter le <a href=\"https:\/\/recherche-technologie.wallonie.be\/fr\/annonces\/a-la-une\/lancement-du-programme-coopilot.html\" target=\"_blank\" rel=\"noopener\">site web de l&#8217;appel <\/a>et, pour les projets dans les DAS du P\u00f4le Logistics in Wallonia, Anne-St\u00e9phanie ADIBIME &#8211; Innovation Manager au 04\/225.50.68 ou <a href=\"mailto:asa@logisticsinwallonia.be\">asa@logisticsinwallonia.be<\/a><\/strong><\/p>\n","protected":false},"excerpt":{"rendered":"<p>Dans le cadre du programme COOPILOT, deux appels \u00e0 projets sont ouverts pour l&#8217;ann\u00e9e 2018. Les p\u00f4les de comp\u00e9titivit\u00e9 auront [&hellip;]<\/p>\n","protected":false},"author":1,"featured_media":0,"comment_status":"closed","ping_status":"closed","sticky":false,"template":"","format":"standard","meta":{"_acf_changed":false,"footnotes":""},"categories":[149],"class_list":["post-9623","post","type-post","status-publish","format-standard","hentry","category-non-classifiee-2"],"acf":[],"_links":{"self":[{"href":"https:\/\/www.logisticsinwallonia.be\/en\/wp-json\/wp\/v2\/posts\/9623","targetHints":{"allow":["GET"]}}],"collection":[{"href":"https:\/\/www.logisticsinwallonia.be\/en\/wp-json\/wp\/v2\/posts"}],"about":[{"href":"https:\/\/www.logisticsinwallonia.be\/en\/wp-json\/wp\/v2\/types\/post"}],"author":[{"embeddable":true,"href":"https:\/\/www.logisticsinwallonia.be\/en\/wp-json\/wp\/v2\/users\/1"}],"replies":[{"embeddable":true,"href":"https:\/\/www.logisticsinwallonia.be\/en\/wp-json\/wp\/v2\/comments?post=9623"}],"version-history":[{"count":0,"href":"https:\/\/www.logisticsinwallonia.be\/en\/wp-json\/wp\/v2\/posts\/9623\/revisions"}],"wp:attachment":[{"href":"https:\/\/www.logisticsinwallonia.be\/en\/wp-json\/wp\/v2\/media?parent=9623"}],"wp:term":[{"taxonomy":"category","embeddable":true,"href":"https:\/\/www.logisticsinwallonia.be\/en\/wp-json\/wp\/v2\/categories?post=9623"}],"curies":[{"name":"wp","href":"https:\/\/api.w.org\/{rel}","templated":true}]}}