{"id":9643,"date":"2018-01-08T13:47:17","date_gmt":"2018-01-08T12:47:17","guid":{"rendered":"https:\/\/logisticsinwallonia-2023.staging03.globulebleu.com\/actualites\/les-six-poles-de-competitivite-wallons-recherchent-un-coordinateur\/"},"modified":"2018-01-08T13:47:17","modified_gmt":"2018-01-08T12:47:17","slug":"les-six-poles-de-competitivite-wallons-recherchent-un-coordinateur","status":"publish","type":"post","link":"https:\/\/www.logisticsinwallonia.be\/en\/actualites\/les-six-poles-de-competitivite-wallons-recherchent-un-coordinateur\/","title":{"rendered":"Les six P\u00f4les de Comp\u00e9titivit\u00e9 wallons recherchent un Coordinateur"},"content":{"rendered":"<p>Les six P\u00f4les de Comp\u00e9titivit\u00e9 constituent des r\u00e9seaux d\u2019innovation \u00e9tablis dans six domaines industriels prioritaires et ont pour mission de cr\u00e9er des partenariats innovants en impliquant les industries, les acteurs de la recherche (universit\u00e9s, centres de recherche) et les acteurs de la formation. Aujourd\u2019hui, organis\u00e9s en une Communaut\u00e9, les six P\u00f4les veulent concr\u00e9tiser leur ambition commune d\u2019imaginer et de promouvoir l\u2019avenir industriel r\u00e9gional.<\/p>\n<p>Pour ce faire, les six P\u00f4les sont \u00e0 la recherche d\u2019un <strong>Coordinateur <\/strong>afin d\u2019acc\u00e9l\u00e9rer la construction de leur Communaut\u00e9, d\u2019amplifier son impact sur le red\u00e9ploiement industriel en Wallonie et d\u2019augmenter sa visibilit\u00e9.<\/p>\n<p><u>Mission <\/u>:<\/p>\n<p>En collaboration avec les directeurs de P\u00f4les, le Coordinateur aura pour mission de :<\/p>\n<ul>\n<li>Mettre  en \u0153uvre le plan strat\u00e9gique de la Communaut\u00e9 des P\u00f4les;<\/li>\n<li>Construire une dynamique partag\u00e9e en organisant le travail en commun des p\u00f4les et les amener \u00e0 partager leurs atouts respectifs (best practices);<\/li>\n<li>Renforcer la dynamique en identifiant, en faisant \u00e9merger et en concr\u00e9tisant des collaborations structurelles entre les P\u00f4les tout en veillant \u00e0 construire et \u00e0 maintenir un haut climat de confiance entre les P\u00f4les.<\/li>\n<\/ul>\n<p>\n<u>Dans un second temps, le coordinateur devra \u00e9galement :<\/u><\/p>\n<ul>\n<li>D\u00e9terminer avec les P\u00f4les une strat\u00e9gie de positionnement dans l\u2019environnement \u00e9conomique wallon;<\/li>\n<li>Organiser la repr\u00e9sentation de la communaut\u00e9 des P\u00f4les vers les stakeholders externes et internes (entreprises, monde politique, syndicats, f\u00e9d\u00e9rations\u2026);<\/li>\n<li>Organiser la mise en \u0153uvre d\u2019actions de communication cibl\u00e9es en collaboration avec les directeurs des P\u00f4les.<\/li>\n<\/ul>\n<p>\nLe Coordinateur r\u00e9pondra au Comit\u00e9 ex\u00e9cutif compos\u00e9 des six directeurs des P\u00f4les de Comp\u00e9titivit\u00e9, en lien avec les six Pr\u00e9sidents des P\u00f4les issus du monde industriel.<\/p>\n<p><u>Profil du candidat :<\/u><\/p>\n<p>Le coordinateur devra :<\/p>\n<ul>\n<li>\u00catre titulaire d\u2019un master universitaire ou assimil\u00e9;<\/li>\n<li>Se pr\u00e9valoir d\u2019une exp\u00e9rience professionnelle de 10 ans minimum;<\/li>\n<li>Avoir occup\u00e9 un poste \u00e0 responsabilit\u00e9 en industrie;<\/li>\n<li>Disposer d\u2019une capacit\u00e9 \u00e0 coordonner des partenaires multiples pour les mener vers une r\u00e9flexion strat\u00e9gique;<\/li>\n<li>Disposer d\u2019excellentes capacit\u00e9s de n\u00e9gociation;<\/li>\n<li>Faire preuve d\u2019initiative, d\u2019\u00e9coute, de synth\u00e8se et de flexibilit\u00e9;<\/li>\n<li>Faire preuve d\u2019excellentes capacit\u00e9s de communication orale et \u00e9crite tant en fran\u00e7ais qu\u2019en anglais et (si possible) n\u00e9erlandais.<\/li>\n<\/ul>\n<p>\nCe poste est ouvert pour une p\u00e9riode d\u2019un an potentiellement reconductible sous statut d\u2019<strong>ind\u00e9pendant exclusivement<\/strong>.<\/p>\n<p>Envoyez votre candidature \u00e0 Bernard Piette, Directeur G\u00e9n\u00e9ral de Logistics in Wallonia : <a href=\"mailto:bpi@logisticsinwallonia.be\">bpi@logisticsinwallonia.be<\/a><\/p>\n","protected":false},"excerpt":{"rendered":"<p>Les six P\u00f4les de Comp\u00e9titivit\u00e9 constituent des r\u00e9seaux d\u2019innovation \u00e9tablis dans six domaines industriels prioritaires et ont pour mission de [&hellip;]<\/p>\n","protected":false},"author":1,"featured_media":0,"comment_status":"closed","ping_status":"closed","sticky":false,"template":"","format":"standard","meta":{"_acf_changed":false,"footnotes":""},"categories":[149],"class_list":["post-9643","post","type-post","status-publish","format-standard","hentry","category-non-classifiee-2"],"acf":[],"_links":{"self":[{"href":"https:\/\/www.logisticsinwallonia.be\/en\/wp-json\/wp\/v2\/posts\/9643","targetHints":{"allow":["GET"]}}],"collection":[{"href":"https:\/\/www.logisticsinwallonia.be\/en\/wp-json\/wp\/v2\/posts"}],"about":[{"href":"https:\/\/www.logisticsinwallonia.be\/en\/wp-json\/wp\/v2\/types\/post"}],"author":[{"embeddable":true,"href":"https:\/\/www.logisticsinwallonia.be\/en\/wp-json\/wp\/v2\/users\/1"}],"replies":[{"embeddable":true,"href":"https:\/\/www.logisticsinwallonia.be\/en\/wp-json\/wp\/v2\/comments?post=9643"}],"version-history":[{"count":0,"href":"https:\/\/www.logisticsinwallonia.be\/en\/wp-json\/wp\/v2\/posts\/9643\/revisions"}],"wp:attachment":[{"href":"https:\/\/www.logisticsinwallonia.be\/en\/wp-json\/wp\/v2\/media?parent=9643"}],"wp:term":[{"taxonomy":"category","embeddable":true,"href":"https:\/\/www.logisticsinwallonia.be\/en\/wp-json\/wp\/v2\/categories?post=9643"}],"curies":[{"name":"wp","href":"https:\/\/api.w.org\/{rel}","templated":true}]}}