{"id":9668,"date":"2017-07-17T14:59:10","date_gmt":"2017-07-17T13:59:10","guid":{"rendered":"https:\/\/logisticsinwallonia-2023.staging03.globulebleu.com\/actualites\/la-wallonie-au-sommet-de-la-logistique\/"},"modified":"2017-07-17T14:59:10","modified_gmt":"2017-07-17T13:59:10","slug":"la-wallonie-au-sommet-de-la-logistique","status":"publish","type":"post","link":"https:\/\/www.logisticsinwallonia.be\/en\/actualites\/la-wallonie-au-sommet-de-la-logistique\/","title":{"rendered":"La Wallonie au sommet de la logistique"},"content":{"rendered":"<p><em>D\u2019apr\u00e8s une \u00e9tude r\u00e9alis\u00e9e au mois de juin 2017 par PwC, la Wallonie est 4\u00e8me parmi 50 r\u00e9gions d\u2019Europe en mati\u00e8re d\u2019attractivit\u00e9 pour les acteurs de la logistique et n\u00b01 au niveau belge.<\/em><\/p>\n<p>Ce document a \u00e9t\u00e9 r\u00e9alis\u00e9 \u00e0 la demande de trois partenaires (Logistics in Wallonia, l\u2019UWE et l\u2019Awex) afin de mettre \u00e0 jour l\u2019\u00e9tude r\u00e9alis\u00e9e par Cushman &#038; Wakefield en 2009 et de mettre en exergue ce qui pourrait (encore) \u00eatre am\u00e9lior\u00e9. Une cinquantaine de r\u00e9gions europ\u00e9ennes ont \u00e9t\u00e9 analys\u00e9es et compar\u00e9es sur base des crit\u00e8res d\u00e9terminants dans l\u2019implantation d\u2019un centre de distribution:<\/p>\n<ul>\n<li>la proximit\u00e9 du march\u00e9: pouvoir d\u2019achat et activit\u00e9s \u00e9conomiques;<\/li>\n<li>le travail: disponibilit\u00e9, flexibilit\u00e9, productivit\u00e9, relation employeurs-employ\u00e9s;<\/li>\n<li>les co\u00fbts op\u00e9rationnels: co\u00fbt de l\u2019\u00e9nergie, de la main d\u2019\u0153uvre, de l\u2019immobilier;<\/li>\n<li>l\u2019infrastructure de distribution: IT, proximit\u00e9 d\u2019a\u00e9roports cargo, de ports maritimes, densit\u00e9 du r\u00e9seau routier, des voies navigables et des voies ferr\u00e9es;<\/li>\n<li>la disponibilit\u00e9 de terrains: zones industrielles et constructibles;<\/li>\n<li>la r\u00e9gulation et les taxes: stabilit\u00e9 politique, obligations administratives, libert\u00e9 d\u2019investir, transparence, efficacit\u00e9;<\/li>\n<li>les comp\u00e9tences: les aptitudes linguistiques et l\u2019expertise logistique.<\/li>\n<\/ul>\n<p>\nIl s\u2019av\u00e8re donc qu\u2019au-del\u00e0 de sa localisation g\u00e9ographique ind\u00e9niablement avantageuse, la Wallonie dispose de nombreux atouts pour attirer de nouveaux centres de distribution: un march\u00e9 de 60 millions de consommateurs au pouvoir d\u2019achat \u00e9lev\u00e9 accessible en 4 heures, un a\u00e9roport cargo qui se classe dans le top 8 europ\u00e9en, le plus haut tonnage en transport fluvial int\u00e9rieur en Europe reli\u00e9 \u00e0 Anvers et Rotterdam, ou encore des connexions ferroviaires performantes, notamment vers le Sud de l\u2019Europe.<\/p>\n<p>Bernard Piette, Directeur G\u00e9n\u00e9ral du p\u00f4le de comp\u00e9titivit\u00e9 Logistics in Wallonia rel\u00e8ve \u00e9galement la disponibilit\u00e9 de la main d\u2019\u0153uvre et du foncier, m\u00eame s\u2019il faut encore \u00ab am\u00e9liorer le ressenti et l\u2019image de la Wallonie sur l\u2019\u00e9chiquier international \u00bb .<\/p>\n<p>\u00ab Pour que la Wallonie continue \u00e0 \u00eatre comp\u00e9titive, il est temps de reconstituer un stock significatif de terrains de grande taille (plus de 15ha) afin d\u2019attirer les grands projets d\u2019implantation \u00bb note pour sa part Pascale Delcomminette, CEO de l\u2019Awex, qui confirme qu\u2019il reste du travail \u00e0 effectuer en termes d\u2019image.<\/p>\n<p>\u00ab Il est primordial d\u2019indiquer que nous n\u2019avons pas choisi les crit\u00e8res pour tirer la couverture \u00e0 nous: on voulait disposer d\u2019une grille de lecture qui nous permette de savoir o\u00f9 nous en sommes \u00bb , insiste Samuel Saelens, conseiller \u00e0 l\u2019UWE.<\/p>\n<p>Pour t\u00e9l\u00e9charger le rapport, <a href=\"https:\/\/www.logisticsinwallonia.be\/sites\/default\/files\/media\/documents\/2020-06\/pwc_-_logistics_study_on_the_attractiveness_of_wallonia_for_internation_logistics_hubs_2017.pdf\" target=\"_blank\" rel=\"noopener\">cliquez ICI<\/a>.<\/p>\n","protected":false},"excerpt":{"rendered":"<p>D\u2019apr\u00e8s une \u00e9tude r\u00e9alis\u00e9e au mois de juin 2017 par PwC, la Wallonie est 4\u00e8me parmi 50 r\u00e9gions d\u2019Europe en [&hellip;]<\/p>\n","protected":false},"author":1,"featured_media":0,"comment_status":"closed","ping_status":"closed","sticky":false,"template":"","format":"standard","meta":{"_acf_changed":false,"footnotes":""},"categories":[149],"class_list":["post-9668","post","type-post","status-publish","format-standard","hentry","category-non-classifiee-2"],"acf":[],"_links":{"self":[{"href":"https:\/\/www.logisticsinwallonia.be\/en\/wp-json\/wp\/v2\/posts\/9668","targetHints":{"allow":["GET"]}}],"collection":[{"href":"https:\/\/www.logisticsinwallonia.be\/en\/wp-json\/wp\/v2\/posts"}],"about":[{"href":"https:\/\/www.logisticsinwallonia.be\/en\/wp-json\/wp\/v2\/types\/post"}],"author":[{"embeddable":true,"href":"https:\/\/www.logisticsinwallonia.be\/en\/wp-json\/wp\/v2\/users\/1"}],"replies":[{"embeddable":true,"href":"https:\/\/www.logisticsinwallonia.be\/en\/wp-json\/wp\/v2\/comments?post=9668"}],"version-history":[{"count":0,"href":"https:\/\/www.logisticsinwallonia.be\/en\/wp-json\/wp\/v2\/posts\/9668\/revisions"}],"wp:attachment":[{"href":"https:\/\/www.logisticsinwallonia.be\/en\/wp-json\/wp\/v2\/media?parent=9668"}],"wp:term":[{"taxonomy":"category","embeddable":true,"href":"https:\/\/www.logisticsinwallonia.be\/en\/wp-json\/wp\/v2\/categories?post=9668"}],"curies":[{"name":"wp","href":"https:\/\/api.w.org\/{rel}","templated":true}]}}