{"id":9684,"date":"2017-04-03T12:51:59","date_gmt":"2017-04-03T11:51:59","guid":{"rendered":"https:\/\/logisticsinwallonia-2023.staging03.globulebleu.com\/actualites\/consultrans-solutions-engage-deux-formateurs\/"},"modified":"2017-04-03T12:51:59","modified_gmt":"2017-04-03T11:51:59","slug":"consultrans-solutions-engage-deux-formateurs","status":"publish","type":"post","link":"https:\/\/www.logisticsinwallonia.be\/en\/actualites\/consultrans-solutions-engage-deux-formateurs\/","title":{"rendered":"CONSULTRANS SOLUTIONS engage deux formateurs"},"content":{"rendered":"<p>\n<strong>CONSULTRANS SOLUTIONS<\/strong>, soci\u00e9t\u00e9 de formation orient\u00e9e principalement vers les secteurs du transport et de la logistique, recherche deux formateurs (H\/F) : un francophone et un bilingue (Fr\/Nl) aux m\u00e9tiers du transport (chauffeur poids-lourds).<\/p>\n<p>Vous assurez la formation sur les th\u00e8mes classiques repris soit dans le cadre de la Formation Continue Obligatoire, soit relatif \u00e0 l\u2019ADR ou encore par rapport \u00e0 d\u2019autres mati\u00e8res sp\u00e9cifiques et techniques des m\u00e9tiers du Transport. Ces formations sont relatives aux normes europ\u00e9ennes applicables dans le domaine du transport.<br \/>\nVous poss\u00e9dez le permis C et E. Le permis D est un atout.<br \/>\nVotre exp\u00e9rience pratique de plus 7 ans dans la conduite de poids lourds, vous permet de ma\u00eetriser parfaitement les divers aspects du m\u00e9tier.<br \/>\nIl est n\u00e9cessaire de disposer d\u2019une connaissance technique des m\u00e9tiers du transport pour exercer cette fonction. Une formation est n\u00e9anmoins assur\u00e9e en interne.<br \/>\nVous avez une bonne \u00e9locution et vous \u00eates capable de vous exprimer clairement devant un groupe en fran\u00e7ais et en n\u00e9erlandais.<br \/>\nVous \u00eates p\u00e9dagogue et vous appr\u00e9ciez transmettre vos connaissances et \u00e9changer avec un groupe.<br \/>\nVous travaillerez 5 jours semaines, mais toujours les samedis (du mardi au samedi inclus).<br \/>\nVous montrez une flexibilit\u00e9 au niveau des horaires et des d\u00e9placements (formations donn\u00e9es \u00e0 Alleur, Nossegem, Anvers, Wavre, Gosselies, Tournai\u2026).<\/p>\n<p><strong>Int\u00e9ress\u00e9(e) ?<\/strong><br \/>\nVeuillez envoyer une lettre de motivation ainsi que votre CV \u00e0 l&#8217;attention de Madame Marie-Ange Senden \u00e0 l&#8217;adresse mail : <a href=\"mailto:selection.info.mas@gmail.com\">selection.info.mas@gmail.com<\/a><br \/>\nPour consulter l&#8217;offre en ligne, cliquez <a href=\"http:\/\/consultrans-solutions.be\/fr\/jobs\/\" target=\"_blank\" rel=\"noopener\">ICI<\/a><br \/>\n<a href=\"http:\/\/www.consultrans-solutions.be\">www.consultrans-solutions.be<\/a><\/p>\n","protected":false},"excerpt":{"rendered":"<p>CONSULTRANS SOLUTIONS, soci\u00e9t\u00e9 de formation orient\u00e9e principalement vers les secteurs du transport et de la logistique, recherche deux formateurs (H\/F) [&hellip;]<\/p>\n","protected":false},"author":1,"featured_media":0,"comment_status":"closed","ping_status":"closed","sticky":false,"template":"","format":"standard","meta":{"_acf_changed":false,"footnotes":""},"categories":[149],"class_list":["post-9684","post","type-post","status-publish","format-standard","hentry","category-non-classifiee-2"],"acf":[],"_links":{"self":[{"href":"https:\/\/www.logisticsinwallonia.be\/en\/wp-json\/wp\/v2\/posts\/9684","targetHints":{"allow":["GET"]}}],"collection":[{"href":"https:\/\/www.logisticsinwallonia.be\/en\/wp-json\/wp\/v2\/posts"}],"about":[{"href":"https:\/\/www.logisticsinwallonia.be\/en\/wp-json\/wp\/v2\/types\/post"}],"author":[{"embeddable":true,"href":"https:\/\/www.logisticsinwallonia.be\/en\/wp-json\/wp\/v2\/users\/1"}],"replies":[{"embeddable":true,"href":"https:\/\/www.logisticsinwallonia.be\/en\/wp-json\/wp\/v2\/comments?post=9684"}],"version-history":[{"count":0,"href":"https:\/\/www.logisticsinwallonia.be\/en\/wp-json\/wp\/v2\/posts\/9684\/revisions"}],"wp:attachment":[{"href":"https:\/\/www.logisticsinwallonia.be\/en\/wp-json\/wp\/v2\/media?parent=9684"}],"wp:term":[{"taxonomy":"category","embeddable":true,"href":"https:\/\/www.logisticsinwallonia.be\/en\/wp-json\/wp\/v2\/categories?post=9684"}],"curies":[{"name":"wp","href":"https:\/\/api.w.org\/{rel}","templated":true}]}}