{"id":9685,"date":"2017-03-24T14:32:27","date_gmt":"2017-03-24T13:32:27","guid":{"rendered":"https:\/\/logisticsinwallonia-2023.staging03.globulebleu.com\/actualites\/proud-our-members-la-societe-n-side-nominee-aux-entrepreneurs-awards-2017\/"},"modified":"2017-03-24T14:32:27","modified_gmt":"2017-03-24T13:32:27","slug":"proud-our-members-la-societe-n-side-nominee-aux-entrepreneurs-awards-2017","status":"publish","type":"post","link":"https:\/\/www.logisticsinwallonia.be\/en\/actualites\/proud-our-members-la-societe-n-side-nominee-aux-entrepreneurs-awards-2017\/","title":{"rendered":"Proud of our members &#8211; La soci\u00e9t\u00e9 N-SIDE nomin\u00e9e aux Entrepreneurs Awards 2017"},"content":{"rendered":"<p>\nLogistics in Wallonia est fier de vous informer de la nomination du CEO de N-SIDE, Jacques Parlongue, aux <a href=\"http:\/\/theentrepreneurawards.net\/\" target=\"_blank\" rel=\"noopener\">\u201cEntrepreneurs Awards 2017 \u201c<\/a> dans la cat\u00e9gorie \u201cYoung Top Manager\u201d.<\/p>\n<p>Monsieur Parlongue a \u00e9t\u00e9 s\u00e9lectionn\u00e9 par un panel de jurys sur base de trois crit\u00e8res :<\/p>\n<p>&#8211; l\u2019innovation;<br \/>\n&#8211; la croissance;<br \/>\n&#8211; le r\u00f4le soci\u00e9tal.<\/p>\n<p>Trois mots qui caract\u00e9risent N-SIDE et son \u00e9volution.<br \/>\nCette nomination est une r\u00e9elle r\u00e9compense du travail fourni par toute l\u2019\u00e9quipe et conforte les ambitions futures.<\/p>\n<p><strong>Vous souhaitez donner un petit coup de pouce \u00e0 N-SIDE ?<\/strong><br \/>\nN\u2019h\u00e9sitez pas \u00e0 voter jusqu\u2019au <u>20 avril <\/u>via <a href=\"http:\/\/youngtm.previewstage.net\/fr\/\" target=\"_blank\" rel=\"noopener\">ce lien.<\/a><\/p>\n","protected":false},"excerpt":{"rendered":"<p>Logistics in Wallonia est fier de vous informer de la nomination du CEO de N-SIDE, Jacques Parlongue, aux \u201cEntrepreneurs Awards [&hellip;]<\/p>\n","protected":false},"author":1,"featured_media":0,"comment_status":"closed","ping_status":"closed","sticky":false,"template":"","format":"standard","meta":{"_acf_changed":false,"footnotes":""},"categories":[149],"class_list":["post-9685","post","type-post","status-publish","format-standard","hentry","category-non-classifiee-2"],"acf":[],"_links":{"self":[{"href":"https:\/\/www.logisticsinwallonia.be\/en\/wp-json\/wp\/v2\/posts\/9685","targetHints":{"allow":["GET"]}}],"collection":[{"href":"https:\/\/www.logisticsinwallonia.be\/en\/wp-json\/wp\/v2\/posts"}],"about":[{"href":"https:\/\/www.logisticsinwallonia.be\/en\/wp-json\/wp\/v2\/types\/post"}],"author":[{"embeddable":true,"href":"https:\/\/www.logisticsinwallonia.be\/en\/wp-json\/wp\/v2\/users\/1"}],"replies":[{"embeddable":true,"href":"https:\/\/www.logisticsinwallonia.be\/en\/wp-json\/wp\/v2\/comments?post=9685"}],"version-history":[{"count":0,"href":"https:\/\/www.logisticsinwallonia.be\/en\/wp-json\/wp\/v2\/posts\/9685\/revisions"}],"wp:attachment":[{"href":"https:\/\/www.logisticsinwallonia.be\/en\/wp-json\/wp\/v2\/media?parent=9685"}],"wp:term":[{"taxonomy":"category","embeddable":true,"href":"https:\/\/www.logisticsinwallonia.be\/en\/wp-json\/wp\/v2\/categories?post=9685"}],"curies":[{"name":"wp","href":"https:\/\/api.w.org\/{rel}","templated":true}]}}