{"id":9687,"date":"2017-03-22T10:18:09","date_gmt":"2017-03-22T09:18:09","guid":{"rendered":"https:\/\/logisticsinwallonia-2023.staging03.globulebleu.com\/actualites\/lassociation-humanitaire-les-enfants-didomeni-cherche-un-transport-vers-la-grece\/"},"modified":"2017-03-22T10:18:09","modified_gmt":"2017-03-22T09:18:09","slug":"lassociation-humanitaire-les-enfants-didomeni-cherche-un-transport-vers-la-grece","status":"publish","type":"post","link":"https:\/\/www.logisticsinwallonia.be\/en\/actualites\/lassociation-humanitaire-les-enfants-didomeni-cherche-un-transport-vers-la-grece\/","title":{"rendered":"L\u2019association humanitaire \u00ab Les enfants d\u2019Idomeni \u00bb cherche un transport vers la Gr\u00e8ce"},"content":{"rendered":"<p>\n\u00ab Les enfants d\u2019Idomeni \u00bb est une association humanitaire qui a \u00e9t\u00e9 constitu\u00e9e suite \u00e0 la situation des r\u00e9fugi\u00e9s en Europe m\u00e9ridionale et plus particuli\u00e8rement en Gr\u00e8ce.<\/p>\n<p>En avril 2016, cette association a r\u00e9colt\u00e9 100 m\u00b3 de marchandises (v\u00eatements, produits d\u2019hygi\u00e8ne, alimentation, mat\u00e9riel divers) et 30.000\u20ac de dons. Un convoi de camionnettes a ensuite \u00e9t\u00e9 constitu\u00e9 pour emmener 70 m\u00b3 de marchandises r\u00e9colt\u00e9es \u00e0 destination du camp d\u2019Idomeni (fronti\u00e8re greco-macadonienne), ce convoi a pu \u00e9galement acheter pour 20.000\u20ac de vivres frais en Gr\u00e8ce.<\/p>\n<p>Cette ann\u00e9e, l\u2019association souhaite faire transporter ses marchandises par camion afin de ne plus \u00eatre limit\u00e9 par les camionnettes.<\/p>\n<p>Vu la finalit\u00e9 humanitaire de ce projet, je me permets de faire appel aux membres de Logistics in Wallonia  afin d\u2019aider \u00ab Les enfants d\u2019Idomeni \u00bb.<\/p>\n<p>Si vous disposez d\u2019un camion partant ou retournant en Gr\u00e8ce \u00e0 vide qui pourrait charger les marchandises \u00e0 prix r\u00e9duit, merci de contacter Monsieur Alain de Gottal dont voici les coordonn\u00e9es :<\/p>\n<p>+32 495 244 127<br \/>\n<a href=\"http:\/\/www.lesenfantsdidomeni.be\">www.lesenfantsdidomeni.be<\/a><\/p>\n","protected":false},"excerpt":{"rendered":"<p>\u00ab Les enfants d\u2019Idomeni \u00bb est une association humanitaire qui a \u00e9t\u00e9 constitu\u00e9e suite \u00e0 la situation des r\u00e9fugi\u00e9s en [&hellip;]<\/p>\n","protected":false},"author":1,"featured_media":0,"comment_status":"closed","ping_status":"closed","sticky":false,"template":"","format":"standard","meta":{"_acf_changed":false,"footnotes":""},"categories":[149],"class_list":["post-9687","post","type-post","status-publish","format-standard","hentry","category-non-classifiee-2"],"acf":[],"_links":{"self":[{"href":"https:\/\/www.logisticsinwallonia.be\/en\/wp-json\/wp\/v2\/posts\/9687","targetHints":{"allow":["GET"]}}],"collection":[{"href":"https:\/\/www.logisticsinwallonia.be\/en\/wp-json\/wp\/v2\/posts"}],"about":[{"href":"https:\/\/www.logisticsinwallonia.be\/en\/wp-json\/wp\/v2\/types\/post"}],"author":[{"embeddable":true,"href":"https:\/\/www.logisticsinwallonia.be\/en\/wp-json\/wp\/v2\/users\/1"}],"replies":[{"embeddable":true,"href":"https:\/\/www.logisticsinwallonia.be\/en\/wp-json\/wp\/v2\/comments?post=9687"}],"version-history":[{"count":0,"href":"https:\/\/www.logisticsinwallonia.be\/en\/wp-json\/wp\/v2\/posts\/9687\/revisions"}],"wp:attachment":[{"href":"https:\/\/www.logisticsinwallonia.be\/en\/wp-json\/wp\/v2\/media?parent=9687"}],"wp:term":[{"taxonomy":"category","embeddable":true,"href":"https:\/\/www.logisticsinwallonia.be\/en\/wp-json\/wp\/v2\/categories?post=9687"}],"curies":[{"name":"wp","href":"https:\/\/api.w.org\/{rel}","templated":true}]}}