{"id":9709,"date":"2017-01-18T10:26:32","date_gmt":"2017-01-18T09:26:32","guid":{"rendered":"https:\/\/logisticsinwallonia-2023.staging03.globulebleu.com\/actualites\/digitrans-porte-par-alstom-est-labellise-par-le-gouvernement-wallon\/"},"modified":"2017-01-18T10:26:32","modified_gmt":"2017-01-18T09:26:32","slug":"digitrans-porte-par-alstom-est-labellise-par-le-gouvernement-wallon","status":"publish","type":"post","link":"https:\/\/www.logisticsinwallonia.be\/en\/actualites\/digitrans-porte-par-alstom-est-labellise-par-le-gouvernement-wallon\/","title":{"rendered":"Digitrans, port\u00e9 par Alstom, est labellis\u00e9 par le Gouvernement Wallon!"},"content":{"rendered":"<p>La r\u00e9volution num\u00e9rique est en marche dans le domaine de la signalisation ferroviaire. Dans ce cadre, le projet Digitrans, port\u00e9 par Alstom vient d\u2019\u00eatre labellis\u00e9 par le Gouvernement Wallon via les appels \u00e0 projets de Logistics In Wallonia.<\/p>\n<p>Pour ce projet, Alstom s\u2019est entour\u00e9 d\u2019un consortium r\u00e9unissant des entreprises, des laboratoires de recherche universitaires et des centres de recherche agr\u00e9\u00e9s.<\/p>\n<p>Ensemble, ils vont d\u00e9velopper de nouveaux services et outils permettant aux gestionnaires d\u2019infrastructure et aux op\u00e9rateurs ferroviaires d\u2019augmenter la disponibilit\u00e9 des infrastructures et la qualit\u00e9 du service \u00e0 l\u2019usager.<\/p>\n<p>Le projet int\u00e8gre le d\u00e9veloppement d\u2019un nouveau concept de mise \u00e0 jour distante des logiciels embarqu\u00e9s, l\u2019investigation de nouveaux outils de monitoring d\u2019infrastructure ferroviaire et le d\u00e9veloppement d\u2019une architecture sol hautement distribu\u00e9e d\u2019objets intelligents et connect\u00e9s.<\/p>\n<p>Ce projet permettra d\u2019acc\u00e9l\u00e9rer la migration des syst\u00e8mes nationaux vers le syst\u00e8me interop\u00e9rable ERTMS et de s\u00e9curiser, voire augmenter, les parts de march\u00e9s accessibles \u00e0 l\u2019industrie ferroviaire wallonne.<\/p>\n<p>Si vous souhaitez obtenir plus d\u2019informations \u00e0 ce sujet, n\u2019h\u00e9sitez pas \u00e0 contacter Pierrick Delcroix (<a href=\"mailto:pde@logisticsinwallonia.be\">pde@logisticsinwallonia.be<\/a>) ou Carine Nardellotto (<a href=\"mailto:cna@logisticsinwallonia.be\">cna@logisticsinwallonia.be<\/a>).<\/p>\n","protected":false},"excerpt":{"rendered":"<p>La r\u00e9volution num\u00e9rique est en marche dans le domaine de la signalisation ferroviaire. Dans ce cadre, le projet Digitrans, port\u00e9 [&hellip;]<\/p>\n","protected":false},"author":1,"featured_media":0,"comment_status":"closed","ping_status":"closed","sticky":false,"template":"","format":"standard","meta":{"_acf_changed":false,"footnotes":""},"categories":[149],"class_list":["post-9709","post","type-post","status-publish","format-standard","hentry","category-non-classifiee-2"],"acf":[],"_links":{"self":[{"href":"https:\/\/www.logisticsinwallonia.be\/en\/wp-json\/wp\/v2\/posts\/9709","targetHints":{"allow":["GET"]}}],"collection":[{"href":"https:\/\/www.logisticsinwallonia.be\/en\/wp-json\/wp\/v2\/posts"}],"about":[{"href":"https:\/\/www.logisticsinwallonia.be\/en\/wp-json\/wp\/v2\/types\/post"}],"author":[{"embeddable":true,"href":"https:\/\/www.logisticsinwallonia.be\/en\/wp-json\/wp\/v2\/users\/1"}],"replies":[{"embeddable":true,"href":"https:\/\/www.logisticsinwallonia.be\/en\/wp-json\/wp\/v2\/comments?post=9709"}],"version-history":[{"count":0,"href":"https:\/\/www.logisticsinwallonia.be\/en\/wp-json\/wp\/v2\/posts\/9709\/revisions"}],"wp:attachment":[{"href":"https:\/\/www.logisticsinwallonia.be\/en\/wp-json\/wp\/v2\/media?parent=9709"}],"wp:term":[{"taxonomy":"category","embeddable":true,"href":"https:\/\/www.logisticsinwallonia.be\/en\/wp-json\/wp\/v2\/categories?post=9709"}],"curies":[{"name":"wp","href":"https:\/\/api.w.org\/{rel}","templated":true}]}}