{"id":9749,"date":"2016-09-05T16:19:37","date_gmt":"2016-09-05T15:19:37","guid":{"rendered":"https:\/\/logisticsinwallonia-2023.staging03.globulebleu.com\/actualites\/decouvrez-lidside-un-certificat-interuniversitaire-en-management-de-la-creativite-et-de\/"},"modified":"2016-09-05T16:19:37","modified_gmt":"2016-09-05T15:19:37","slug":"decouvrez-lidside-un-certificat-interuniversitaire-en-management-de-la-creativite-et-de","status":"publish","type":"post","link":"https:\/\/www.logisticsinwallonia.be\/en\/actualites\/decouvrez-lidside-un-certificat-interuniversitaire-en-management-de-la-creativite-et-de\/","title":{"rendered":"D\u00e9couvrez l\u2019IDSIDE, un certificat Interuniversitaire en Management de la Cr\u00e9ativit\u00e9 et de l\u2019Innovation"},"content":{"rendered":"<p>\nD\u00e9couvrez l\u2019idside, un certificat Interuniversitaire en Management de la Cr\u00e9ativit\u00e9 et de l\u2019innovation.<\/p>\n<p>Un programme de formation unique pour booster la croissance de vos projets, la cr\u00e9ativit\u00e9 et la cr\u00e9ation de valeur dans votre organisation.<br \/>\nElle s&#8217;adresse plus particuli\u00e8rement aux chefs de produit, chefs de projets, managers, d\u00e9veloppeurs, responsables innovation, responsables RH, intrapreneurs. <\/p>\n<p>Les \u00e9tapes cl\u00e9s d\u2019un processus de cr\u00e9ativit\u00e9 y sont appr\u00e9hend\u00e9es en 5 jours \u00e0 travers la mise en application autour d\u2019un projet concret.<\/p>\n<p><strong>Quand ?<\/strong><br \/>\nDu 28 novembre au 2 d\u00e9cembre 2016 + 6 partages d\u2019exp\u00e9riences + 1 journ\u00e9e de cl\u00f4ture.<\/p>\n<p><strong>O\u00f9 ?<\/strong><br \/>\nPrincipalement \u00e0 Li\u00e8ge<\/p>\n<p><strong>Prix ?<\/strong><br \/>\n2500\u20ac (-10% si avant 30\/09)<\/p>\n<p>Plus d\u2019information sur <a href=\"http:\/\/idcampus.be\/what-we-do\/idside\/\">http:\/\/idcampus.be\/what-we-do\/idside\/<\/a><\/p>\n","protected":false},"excerpt":{"rendered":"<p>D\u00e9couvrez l\u2019idside, un certificat Interuniversitaire en Management de la Cr\u00e9ativit\u00e9 et de l\u2019innovation. Un programme de formation unique pour booster [&hellip;]<\/p>\n","protected":false},"author":1,"featured_media":0,"comment_status":"closed","ping_status":"closed","sticky":false,"template":"","format":"standard","meta":{"_acf_changed":false,"footnotes":""},"categories":[149],"class_list":["post-9749","post","type-post","status-publish","format-standard","hentry","category-non-classifiee-2"],"acf":[],"_links":{"self":[{"href":"https:\/\/www.logisticsinwallonia.be\/en\/wp-json\/wp\/v2\/posts\/9749","targetHints":{"allow":["GET"]}}],"collection":[{"href":"https:\/\/www.logisticsinwallonia.be\/en\/wp-json\/wp\/v2\/posts"}],"about":[{"href":"https:\/\/www.logisticsinwallonia.be\/en\/wp-json\/wp\/v2\/types\/post"}],"author":[{"embeddable":true,"href":"https:\/\/www.logisticsinwallonia.be\/en\/wp-json\/wp\/v2\/users\/1"}],"replies":[{"embeddable":true,"href":"https:\/\/www.logisticsinwallonia.be\/en\/wp-json\/wp\/v2\/comments?post=9749"}],"version-history":[{"count":0,"href":"https:\/\/www.logisticsinwallonia.be\/en\/wp-json\/wp\/v2\/posts\/9749\/revisions"}],"wp:attachment":[{"href":"https:\/\/www.logisticsinwallonia.be\/en\/wp-json\/wp\/v2\/media?parent=9749"}],"wp:term":[{"taxonomy":"category","embeddable":true,"href":"https:\/\/www.logisticsinwallonia.be\/en\/wp-json\/wp\/v2\/categories?post=9749"}],"curies":[{"name":"wp","href":"https:\/\/api.w.org\/{rel}","templated":true}]}}