{"id":9815,"date":"2015-06-11T07:53:09","date_gmt":"2015-06-11T06:53:09","guid":{"rendered":"https:\/\/logisticsinwallonia-2023.staging03.globulebleu.com\/actualites\/presence-remarquee-de-la-wallonie-au-salon-transport-logistics-de-munich\/"},"modified":"2015-06-11T07:53:09","modified_gmt":"2015-06-11T06:53:09","slug":"presence-remarquee-de-la-wallonie-au-salon-transport-logistics-de-munich","status":"publish","type":"post","link":"https:\/\/www.logisticsinwallonia.be\/en\/actualites\/presence-remarquee-de-la-wallonie-au-salon-transport-logistics-de-munich\/","title":{"rendered":"Pr\u00e9sence remarqu\u00e9e de la Wallonie au salon Transport &#038; Logistics de Munich"},"content":{"rendered":"<p>Le salon Transport &#038; Logistics de Li\u00e8ge \u00e0 peine termin\u00e9, les acteurs wallons \u00e9taient d\u00e9j\u00e0 pr\u00e9sents en force sur le pavillon Logistics in Wallonia\/AWEX du salon Transport &#038; Logistics de Munich. Une pr\u00e9sence tr\u00e8s remarqu\u00e9e dans un des plus grands salons d\u00e9di\u00e9 au transport et \u00e0 la logistique d&#8217;Europe.<\/p>\n<p>&#8220;Le dynamisme des acteurs du transport et de la logistique n&#8217;est plus \u00e0 prouver&#8221;. Ainsi pouvons-nous r\u00e9sumer les commentaires et r\u00e9actions des nombreux visiteurs du salon Transport &#038; Logistics de Munich.<\/p>\n<p>R\u00e9unis sur le pavillon Logistics in Wallonia\/AWEX, 8 coexposants wallons proposaient leurs services. Avec plus de 40 rendez-vous programm\u00e9s et de nombreux visiteurs sur le pavillon, cette semaine a \u00e9t\u00e9 particuli\u00e8rement profitable pour la dynamique d\u00e9l\u00e9gation wallonne.<\/p>\n<p>L&#8217;activit\u00e9 particuli\u00e8rement riche du secteur en Wallonie suscite toutes les attentions. Une d\u00e9l\u00e9gation n\u00e9\u00e9rlandaise notamment avait programm\u00e9 une visite du pavillon durant sa visite.<\/p>\n<p><img decoding=\"async\" alt=\"\" src=\"https:\/\/www.logisticsinwallonia.be\/sites\/default\/files\/files\/pic1.jpg\" style=\"width: 150px; height: 200px;\" \/><\/p>\n<h3>Comment participer aux pavillons Logistics in Wallonia\/AWEX?<\/h3>\n<p>R\u00e9guli\u00e8rement, Logistics in Wallonia propose \u00e0 ses membres une formule pavillon. Ceux-ci permettent aux coexposants de b\u00e9n\u00e9ficier d&#8217;une visibilit\u00e9 unique \u00e0 des tarifs particuli\u00e8rement r\u00e9duits.<br \/>\nLes prochains pavillons seront organis\u00e9s lors des salons suivants:<\/p>\n<ul>\n<li>Transport &#038; Logistics Anvers<\/li>\n<li>CILF (Chine) <\/li>\n<\/ul>\n<h3>Pour plus d&#8217;informations:<\/h3>\n<p>Patrick Hollenfeltz, Communication Manager<br \/>\n<a href=\"mailto:pho@logisticsinwallonia.be\">pho@logisticsinwallonia.be<\/a><br \/>\n04 225 50 61\n <\/p>\n","protected":false},"excerpt":{"rendered":"<p>Le salon Transport &#038; Logistics de Li\u00e8ge \u00e0 peine termin\u00e9, les acteurs wallons \u00e9taient d\u00e9j\u00e0 pr\u00e9sents en force sur le [&hellip;]<\/p>\n","protected":false},"author":1,"featured_media":0,"comment_status":"closed","ping_status":"closed","sticky":false,"template":"","format":"standard","meta":{"_acf_changed":false,"footnotes":""},"categories":[149],"class_list":["post-9815","post","type-post","status-publish","format-standard","hentry","category-non-classifiee-2"],"acf":[],"_links":{"self":[{"href":"https:\/\/www.logisticsinwallonia.be\/en\/wp-json\/wp\/v2\/posts\/9815","targetHints":{"allow":["GET"]}}],"collection":[{"href":"https:\/\/www.logisticsinwallonia.be\/en\/wp-json\/wp\/v2\/posts"}],"about":[{"href":"https:\/\/www.logisticsinwallonia.be\/en\/wp-json\/wp\/v2\/types\/post"}],"author":[{"embeddable":true,"href":"https:\/\/www.logisticsinwallonia.be\/en\/wp-json\/wp\/v2\/users\/1"}],"replies":[{"embeddable":true,"href":"https:\/\/www.logisticsinwallonia.be\/en\/wp-json\/wp\/v2\/comments?post=9815"}],"version-history":[{"count":0,"href":"https:\/\/www.logisticsinwallonia.be\/en\/wp-json\/wp\/v2\/posts\/9815\/revisions"}],"wp:attachment":[{"href":"https:\/\/www.logisticsinwallonia.be\/en\/wp-json\/wp\/v2\/media?parent=9815"}],"wp:term":[{"taxonomy":"category","embeddable":true,"href":"https:\/\/www.logisticsinwallonia.be\/en\/wp-json\/wp\/v2\/categories?post=9815"}],"curies":[{"name":"wp","href":"https:\/\/api.w.org\/{rel}","templated":true}]}}