{"id":9880,"date":"2014-09-17T12:47:07","date_gmt":"2014-09-17T11:47:07","guid":{"rendered":"https:\/\/logisticsinwallonia-2023.staging03.globulebleu.com\/actualites\/lentreprise-logvad-devient-membre-de-logistics-wallonia\/"},"modified":"2014-09-17T12:47:07","modified_gmt":"2014-09-17T11:47:07","slug":"lentreprise-logvad-devient-membre-de-logistics-wallonia","status":"publish","type":"post","link":"https:\/\/www.logisticsinwallonia.be\/en\/actualites\/lentreprise-logvad-devient-membre-de-logistics-wallonia\/","title":{"rendered":"L&#8217;entreprise LOG_VAD devient membre de Logistics in Wallonia"},"content":{"rendered":"<h3>\n\t<span style=\"font-size:12px;\"><span style=\"font-family: tahoma,geneva,sans-serif;\">LOG_VAD est une entreprise de logistique sp\u00e9cialis\u00e9e dans le e-commerce.<\/span><\/span><\/h3>\n<p><span style=\"font-size:12px;\"><span style=\"font-family: tahoma,geneva,sans-serif;\">Cr\u00e9\u00e9e en 2004 par Olivier Coryn et J\u00e9r\u00f4me Breffel, elle s&#8217;axe autour des 3 m\u00e9tiers cl\u00e9s de la logistique (r\u00e9ception, pr\u00e9paration de commande, exp\u00e9dition) tout en \u00e9tendant ses activit\u00e9s \u00e0 des services annexes (traitement des retours, S.A.V., studio photo).<\/span><\/span><\/p>\n<p><span style=\"font-size:12px;\"><span style=\"font-family: tahoma,geneva,sans-serif;\">Aujourd&#8217;hui, LOG_VAD est un logisticien r\u00e9f\u00e9rence sur les march\u00e9s fran\u00e7ais et belge du e-commerce, capable d&#8217;assurer la logistique de grands e-retailers (Nocib\u00e9, Agn\u00e8s B., Cama\u00efeu, Devred&#8230;) comme celle de pure players (Sportspriv\u00e9s, Atylia, Biofan&#8230;).<\/span><\/span><\/p>\n<p><span style=\"font-size:12px;\"><span style=\"font-family: tahoma,geneva,sans-serif;\">La philosophie de LOG_VAD est de consid\u00e9rer la logistique comme un outil marketing plus que comme un centre de co\u00fbt. C&#8217;est ainsi que nos \u00e9quipes et nos partenaires \u0153uvrent quotidiennement pour proposer \u00e0 nos clients les solutions logistiques les plus adapt\u00e9es et innovantes.<\/span><\/span><\/p>\n<p><span style=\"font-size:12px;\"><span style=\"font-family: tahoma,geneva,sans-serif;\">Faire de la livraison d&#8217;aujourd&#8217;hui la commande de demain, c&#8217;est \u00e7a le m\u00e9tier de LOG_VAD.<\/span><\/span><\/p>\n<h3>\n\t<span style=\"font-size:12px;\"><span style=\"font-family: tahoma,geneva,sans-serif;\">Coordonn\u00e9es<\/span><\/span><\/h3>\n<p><span style=\"font-size:12px;\"><span style=\"font-family: tahoma,geneva,sans-serif;\">Rue de la Montagne 105<br \/>\n\t7700 Mouscron<br \/>\n\tT\u00e9l : +32 56 33 01 55<br \/>\n\t<a href=\"mailto:contact@logvad.com\">contact@logvad.com<\/a><\/span><\/span><\/p>\n<p><span style=\"font-size:12px;\"><span style=\"font-family: tahoma,geneva,sans-serif;\"><a href=\"https:\/\/www.linkedin.com\/company\/log_vad\">https:\/\/www.linkedin.com\/company\/log_vad<\/a><\/span><\/span><\/p>\n<h3>\n\t<span style=\"font-size:12px;\"><span style=\"font-family: tahoma,geneva,sans-serif;\">Contact<\/span><\/span><\/h3>\n<p><span style=\"font-size:12px;\"><span style=\"font-family: tahoma,geneva,sans-serif;\">Olivier Coryn, G\u00e9rant Fondateur<\/span><\/span><\/p>\n","protected":false},"excerpt":{"rendered":"<p>LOG_VAD est une entreprise de logistique sp\u00e9cialis\u00e9e dans le e-commerce. Cr\u00e9\u00e9e en 2004 par Olivier Coryn et J\u00e9r\u00f4me Breffel, elle [&hellip;]<\/p>\n","protected":false},"author":1,"featured_media":0,"comment_status":"closed","ping_status":"closed","sticky":false,"template":"","format":"standard","meta":{"_acf_changed":false,"footnotes":""},"categories":[149],"class_list":["post-9880","post","type-post","status-publish","format-standard","hentry","category-non-classifiee-2"],"acf":[],"_links":{"self":[{"href":"https:\/\/www.logisticsinwallonia.be\/en\/wp-json\/wp\/v2\/posts\/9880","targetHints":{"allow":["GET"]}}],"collection":[{"href":"https:\/\/www.logisticsinwallonia.be\/en\/wp-json\/wp\/v2\/posts"}],"about":[{"href":"https:\/\/www.logisticsinwallonia.be\/en\/wp-json\/wp\/v2\/types\/post"}],"author":[{"embeddable":true,"href":"https:\/\/www.logisticsinwallonia.be\/en\/wp-json\/wp\/v2\/users\/1"}],"replies":[{"embeddable":true,"href":"https:\/\/www.logisticsinwallonia.be\/en\/wp-json\/wp\/v2\/comments?post=9880"}],"version-history":[{"count":0,"href":"https:\/\/www.logisticsinwallonia.be\/en\/wp-json\/wp\/v2\/posts\/9880\/revisions"}],"wp:attachment":[{"href":"https:\/\/www.logisticsinwallonia.be\/en\/wp-json\/wp\/v2\/media?parent=9880"}],"wp:term":[{"taxonomy":"category","embeddable":true,"href":"https:\/\/www.logisticsinwallonia.be\/en\/wp-json\/wp\/v2\/categories?post=9880"}],"curies":[{"name":"wp","href":"https:\/\/api.w.org\/{rel}","templated":true}]}}