{"id":9917,"date":"2014-03-18T12:06:18","date_gmt":"2014-03-18T11:06:18","guid":{"rendered":"https:\/\/logisticsinwallonia-2023.staging03.globulebleu.com\/actualites\/transrad-devient-membre-de-logistics-wallonia\/"},"modified":"2014-03-18T12:06:18","modified_gmt":"2014-03-18T11:06:18","slug":"transrad-devient-membre-de-logistics-wallonia","status":"publish","type":"post","link":"https:\/\/www.logisticsinwallonia.be\/en\/actualites\/transrad-devient-membre-de-logistics-wallonia\/","title":{"rendered":"Transrad devient membre de Logistics in Wallonia"},"content":{"rendered":"<h3>\n\t<span style=\"font-size:12px;\"><span style=\"font-family:tahoma,geneva,sans-serif;\">Transrad devient membre du P\u00f4le de Comp\u00e9titivit\u00e9. D<\/span><span style=\"font-family: tahoma, geneva, sans-serif;\">epuis 1988, l<\/span><span style=\"font-family:tahoma,geneva,sans-serif;\">&#8216;entreprise, <\/span><span style=\"font-family: tahoma, geneva, sans-serif;\">issue d\u2019un partenariat entre l\u2019Institut des Radio\u00e9l\u00e9ments (I.R.E.) et NCT SA, <\/span><span style=\"font-family: tahoma, geneva, sans-serif;\">est sp\u00e9cialis\u00e9e dans le transport et l&#8217;exp\u00e9dition de mati\u00e8res radioactives et nucl\u00e9aires.<\/span><\/span><\/h3>\n<p><span style=\"font-size:12px;\"><span style=\"font-family:tahoma,geneva,sans-serif;\">La partie principale de ses activit\u00e9s se trouve dans le transport de mati\u00e8res radioactives pour la production des radio-isotopes qui sont utilis\u00e9s dans le diagnostic et le traitement du cancer.<br \/>\n\tLe transport de mati\u00e8res nucl\u00e9aires se trouve en amont du cycle du combustible nucl\u00e9aire, c\u2019est-\u00e0-dire la mati\u00e8re primaire et le combustible pour les r\u00e9acteurs commerciaux et de recherche, font aussi partie de ses activit\u00e9s.<br \/>\n\tEtant reconnu par Arr\u00eat\u00e9 Royal comme exploitant nucl\u00e9aire agr\u00e9\u00e9, Transrad peut, pour ces types de transport, conclure des assurances en responsabilit\u00e9 nucl\u00e9aire conform\u00e9ment \u00e0 la Convention de Paris et \u00e0 la l\u00e9gislation belge relative \u00e0 la responsabilit\u00e9 nucl\u00e9aire.<\/span><\/span><\/p>\n<p><span style=\"font-size:12px;\"><span style=\"font-family:tahoma,geneva,sans-serif;\">Dans le cadre g\u00e9n\u00e9ral des transports, Transrad effectue aussi des \u00e9tudes de faisabilit\u00e9s tenant compte de la r\u00e9glementation en vigueur, des autorisations de transport et des agr\u00e9ments des emballages.<\/span><\/span><\/p>\n<p><span style=\"font-size:12px;\"><span style=\"font-family:tahoma,geneva,sans-serif;\">Enfin, les demandes d\u2019autorisation et les validations d\u2019emballage selon les exigences de la r\u00e9glementation, et les escortes des v\u00e9hicules \u00e9trangers en Belgique et aux Pays-Bas font aussi partie des services prest\u00e9s.<\/span><\/span><\/p>\n<h3>\n\t<span style=\"font-size:12px;\"><span style=\"font-family:tahoma,geneva,sans-serif;\">Informations compl\u00e9mentaires<\/span><\/span><\/h3>\n<p><span style=\"font-size:12px;\"><span style=\"font-family:tahoma,geneva,sans-serif;\">SA Transrad NV<br \/>\n\tZoning Industriel \u2013 Site IRE<br \/>\n\tAvenue de l\u2019Esperance, 1<br \/>\n\t6220 Fleurus<br \/>\n\tTel : +32 71 82 97 59<br \/>\n\tFax : +32 71 82 97 68<br \/>\n\t<a href=\"http:\/\/www.transrad.be\" target=\"_blank\" rel=\"noopener\">www.transrad.be<\/a><\/span><\/span><\/p>\n","protected":false},"excerpt":{"rendered":"<p>Transrad devient membre du P\u00f4le de Comp\u00e9titivit\u00e9. Depuis 1988, l&#8216;entreprise, issue d\u2019un partenariat entre l\u2019Institut des Radio\u00e9l\u00e9ments (I.R.E.) et NCT [&hellip;]<\/p>\n","protected":false},"author":1,"featured_media":0,"comment_status":"closed","ping_status":"closed","sticky":false,"template":"","format":"standard","meta":{"_acf_changed":false,"footnotes":""},"categories":[149],"class_list":["post-9917","post","type-post","status-publish","format-standard","hentry","category-non-classifiee-2"],"acf":[],"_links":{"self":[{"href":"https:\/\/www.logisticsinwallonia.be\/en\/wp-json\/wp\/v2\/posts\/9917","targetHints":{"allow":["GET"]}}],"collection":[{"href":"https:\/\/www.logisticsinwallonia.be\/en\/wp-json\/wp\/v2\/posts"}],"about":[{"href":"https:\/\/www.logisticsinwallonia.be\/en\/wp-json\/wp\/v2\/types\/post"}],"author":[{"embeddable":true,"href":"https:\/\/www.logisticsinwallonia.be\/en\/wp-json\/wp\/v2\/users\/1"}],"replies":[{"embeddable":true,"href":"https:\/\/www.logisticsinwallonia.be\/en\/wp-json\/wp\/v2\/comments?post=9917"}],"version-history":[{"count":0,"href":"https:\/\/www.logisticsinwallonia.be\/en\/wp-json\/wp\/v2\/posts\/9917\/revisions"}],"wp:attachment":[{"href":"https:\/\/www.logisticsinwallonia.be\/en\/wp-json\/wp\/v2\/media?parent=9917"}],"wp:term":[{"taxonomy":"category","embeddable":true,"href":"https:\/\/www.logisticsinwallonia.be\/en\/wp-json\/wp\/v2\/categories?post=9917"}],"curies":[{"name":"wp","href":"https:\/\/api.w.org\/{rel}","templated":true}]}}