{"id":9943,"date":"2014-01-09T15:30:05","date_gmt":"2014-01-09T14:30:05","guid":{"rendered":"https:\/\/logisticsinwallonia-2023.staging03.globulebleu.com\/actualites\/inscrivez-vous-au-programme-young-executive-stay-et-participez-la-mission-dexportation\/"},"modified":"2014-01-09T15:30:05","modified_gmt":"2014-01-09T14:30:05","slug":"inscrivez-vous-au-programme-young-executive-stay-et-participez-la-mission-dexportation","status":"publish","type":"post","link":"https:\/\/www.logisticsinwallonia.be\/en\/actualites\/inscrivez-vous-au-programme-young-executive-stay-et-participez-la-mission-dexportation\/","title":{"rendered":"Inscrivez-vous au programme &#8220;Young Executive Stay&#8221; et participez \u00e0 la Mission d\u2019exportation commerciale au Japon du 19 au 26 octobre 2014"},"content":{"rendered":"<h3>\n\t<span style=\"font-size:12px;\"><span style=\"font-family: tahoma, geneva, sans-serif;\">La Chambre de Commerce Belgo-Luxembourgeoise au Japon (BLCCJ), et l\u2019Association Belgo-Japonaise &#038; Chambre de Commerce (BJA) organisent un programme de formation d\u2019une semaine au Japon, commen\u00e7ant par des sessions de pr\u00e9paration en Belgique. La formation au Japon comprend une journ\u00e9e d\u2019\u00e9tudes en groupe (s\u00e9minaires et visites d\u2019entreprises) et plusieurs journ\u00e9es de rencontres entre clients potentiels et participants dans leurs secteurs d\u2019activit\u00e9s respectifs.<\/span><\/span><\/h3>\n<p><span style=\"font-family: tahoma, geneva, sans-serif;\">Le programme \u00ab YES \u00bb est plac\u00e9 sous le Haut Patronage de Sa Majest\u00e9 le Roi Philippe de Belgique et b\u00e9n\u00e9ficie du soutien des Ambassades de Belgique et du Luxembourg au Japon, ainsi que des Repr\u00e9sentations des trois R\u00e9gions belges.<\/span><\/p>\n<h3>\n\t<span style=\"font-size:12px;\"><span style=\"font-family:tahoma,geneva,sans-serif;\">A qui s&#8217;adresse ce programme ?<\/span><\/span><\/h3>\n<p><span style=\"font-family: tahoma, geneva, sans-serif;\">Le programme \u00ab YES \u00bb a pour objectif de familiariser efficacement de jeunes cadres de PME belges et luxembourgeoises aux pratiques commerciales japonaises, ceci en un laps de temps et \u00e0 co\u00fbts r\u00e9duits.<\/span><\/p>\n<h3>\n\t<span style=\"font-size:12px;\"><span style=\"font-family:tahoma,geneva,sans-serif;\">Quel co\u00fbt pour le participant?<\/span><\/span><\/h3>\n<p><span style=\"font-family: tahoma, geneva, sans-serif;\">Le program \u00ab YES \u00bb est \u00e0 moindre co\u00fbt pour votre entreprise. Les organisateurs prennent en charge la plupart des frais de votre s\u00e9jour au Japon, \u00e0 savoir votre billet d\u2019avion en classe \u00e9conomique, votre h\u00e9bergement durant la totalit\u00e9 du programme, l\u2019organisation des s\u00e9minaires, les cours de langue japonaise, la r\u00e9ception \u00e0 l\u2019Ambassade o\u00f9 vous pouvez inviter vos contacts potentiels, et le soutien commercial.<\/span><\/p>\n<p><span style=\"font-size:12px;\"><span style=\"font-family:tahoma,geneva,sans-serif;\">Frais de participation \u00e0 votre charge : 1,450 EUR<\/span><\/span><\/p>\n<h3>\n\t<span style=\"font-size:12px;\"><span style=\"font-family:tahoma,geneva,sans-serif;\">Comment participer au programme \u00ab YES \u00bb ?<\/span><\/span><\/h3>\n<p><span style=\"font-size:12px;\"><span style=\"font-family:tahoma,geneva,sans-serif;\">La date limite des inscriptions est fix\u00e9e au mercredi 30 mars 2014.<br \/>\n\tVeuillez nous faire parvenir votre lettre de motivation et les documents mentionn\u00e9s ci-dessous, en anglais, et uniquement par e-mail \u00e0 <a href=\"mailto:info@bja.be\">info@bja.be<\/a>:<\/span><\/span><\/p>\n<ul>\n<li>\n\t\tFormulaire d\u2019inscription (inscription en ligne sur <a href=\"http:\/\/www.bja.be\">www.bja.be<\/a>)<\/li>\n<li>\n\t\t<span style=\"font-family: tahoma, geneva, sans-serif;\">Description de votre soci\u00e9t\u00e9<\/span><\/li>\n<li>\n\t\t<span style=\"font-family: tahoma, geneva, sans-serif;\">Catalogue des produits \/ services que vous aimeriez promouvoir au Japon<\/span><\/li>\n<li>\n\t\t<span style=\"font-family: tahoma, geneva, sans-serif;\">CV du participant<\/span><\/li>\n<li>\n\t\t<span style=\"font-family: tahoma, geneva, sans-serif;\">Etat financier de votre soci\u00e9t\u00e9<\/span><\/li>\n<li>\n\t\t<span style=\"font-family: tahoma, geneva, sans-serif;\">Etude pr\u00e9liminaire du march\u00e9 japonais<\/span><\/li>\n<li>\n\t\t<span style=\"font-family: tahoma, geneva, sans-serif;\">R\u00e9sum\u00e9 de vos pr\u00e9c\u00e9dentes activit\u00e9s au Japon (si activit\u00e9s)<\/span><\/li>\n<\/ul>\n<h3>\n\t<span style=\"font-size:12px;\"><span style=\"font-family:tahoma,geneva,sans-serif;\">Int\u00e9ress\u00e9(e)?<\/span><\/span><\/h3>\n<p><span style=\"font-size:12px;\"><span style=\"font-family:tahoma,geneva,sans-serif;\">Pour de plus amples informations, n\u2019h\u00e9sitez pas \u00e0 contacter :<br \/>\n\tAssociation Belgo-Japonaise &#038; Chambre de Commerce (BJA)<br \/>\n\tMme Anja Oto-Kellens, Executive Director<br \/>\n\tAvenue Louise 287 box 7, 1050 Brussels \u2013 Belgium<br \/>\n\tTel +32 (2) 644 13 33 &#8211; Mail: <a href=\"mailto:info@bja.be\">info@bja.be<\/a><\/span><\/span><br \/>\n\t<span style=\"font-family: tahoma, geneva, sans-serif;\">Website: <a href=\"http:\/\/www.bja.be\" target=\"_blank\" rel=\"noopener\">www.bja.be<\/a><\/span><\/p>\n","protected":false},"excerpt":{"rendered":"<p>La Chambre de Commerce Belgo-Luxembourgeoise au Japon (BLCCJ), et l\u2019Association Belgo-Japonaise &#038; Chambre de Commerce (BJA) organisent un programme de [&hellip;]<\/p>\n","protected":false},"author":1,"featured_media":0,"comment_status":"closed","ping_status":"closed","sticky":false,"template":"","format":"standard","meta":{"_acf_changed":false,"footnotes":""},"categories":[149],"class_list":["post-9943","post","type-post","status-publish","format-standard","hentry","category-non-classifiee-2"],"acf":[],"_links":{"self":[{"href":"https:\/\/www.logisticsinwallonia.be\/en\/wp-json\/wp\/v2\/posts\/9943","targetHints":{"allow":["GET"]}}],"collection":[{"href":"https:\/\/www.logisticsinwallonia.be\/en\/wp-json\/wp\/v2\/posts"}],"about":[{"href":"https:\/\/www.logisticsinwallonia.be\/en\/wp-json\/wp\/v2\/types\/post"}],"author":[{"embeddable":true,"href":"https:\/\/www.logisticsinwallonia.be\/en\/wp-json\/wp\/v2\/users\/1"}],"replies":[{"embeddable":true,"href":"https:\/\/www.logisticsinwallonia.be\/en\/wp-json\/wp\/v2\/comments?post=9943"}],"version-history":[{"count":0,"href":"https:\/\/www.logisticsinwallonia.be\/en\/wp-json\/wp\/v2\/posts\/9943\/revisions"}],"wp:attachment":[{"href":"https:\/\/www.logisticsinwallonia.be\/en\/wp-json\/wp\/v2\/media?parent=9943"}],"wp:term":[{"taxonomy":"category","embeddable":true,"href":"https:\/\/www.logisticsinwallonia.be\/en\/wp-json\/wp\/v2\/categories?post=9943"}],"curies":[{"name":"wp","href":"https:\/\/api.w.org\/{rel}","templated":true}]}}